{"id":4156,"date":"2024-08-23T12:30:00","date_gmt":"2024-08-23T17:30:00","guid":{"rendered":"https:\/\/franciscanas.org\/portal\/lamerica\/?p=4156"},"modified":"2024-08-08T11:59:29","modified_gmt":"2024-08-08T16:59:29","slug":"21o-domingo-del-tiempo-ordinario-2","status":"publish","type":"post","link":"https:\/\/franciscanas.org\/portal\/lamerica\/evangelio-del-domingo\/21o-domingo-del-tiempo-ordinario-2\/","title":{"rendered":"21\u00ba Domingo del Tiempo Ordinario"},"content":{"rendered":"\n<p class=\"has-vivid-red-color has-text-color has-link-color wp-elements-70390f6b5970cba99be9bfac8d9995ee\"><strong>Evangelio Juan<\/strong> 6, 60-69<\/p>\n\n\n\n<p>En aquel tiempo,<br>60 Despu\u00e9s de o\u00edrlo, muchos de sus disc\u00edpulos dec\u00edan: \u00ab\u00a1Es duro este lenguaje! \u00bfQui\u00e9n puede escucharlo?\u00bb.<br>61 Jes\u00fas, sabiendo lo que sus disc\u00edpulos murmuraban, les dijo: \u00ab\u00bfEsto los escandaliza?<br>62 \u00bfQu\u00e9 pasar\u00e1 entonces, cuando vean al Hijo del hombre subir donde estaba antes?<br>63 El Esp\u00edritu es el que da Vida, la carne de nada sirve. Las palabras que les dije son Esp\u00edritu y Vida.<br>64 Pero hay entre ustedes algunos que no creen\u00bb. En efecto, Jes\u00fas sab\u00eda desde el primer momento qui\u00e9nes eran los que no cre\u00edan y qui\u00e9n era el que lo iba a entregar.<br>65 Y agreg\u00f3: \u00abPor eso les he dicho que nadie puede venir a m\u00ed, si el Padre no se lo concede\u00bb.<br>66 Desde ese momento, muchos de sus disc\u00edpulos se alejaron de \u00e9l y dejaron de acompa\u00f1arlo.<br>67 Jes\u00fas pregunt\u00f3 entonces a los Doce: \u00ab\u00bfTambi\u00e9n ustedes quieren irse?\u00bb.<br>68 Sim\u00f3n Pedro le respondi\u00f3: \u00abSe\u00f1or, \u00bfa qui\u00e9n iremos? T\u00fa tienes palabras de Vida eterna.<br>69 Nosotros hemos cre\u00eddo y sabemos que eres el Santo de Dios\u00bb.<\/p>\n\n\n\n<p class=\"has-vivid-red-color has-text-color has-link-color wp-elements-21c5cd5272de054e869688caad08be9c\">Palabra del Se\u00f1or.<\/p>\n\n\n\n<p><\/p>\n","protected":false},"excerpt":{"rendered":"<p>Las palabras que les dije son Esp\u00edritu y Vida (Jn 6, 63)<\/p>\n","protected":false},"author":1,"featured_media":4158,"comment_status":"closed","ping_status":"closed","sticky":false,"template":"","format":"standard","meta":{"_et_pb_use_builder":"off","_et_pb_old_content":"","_et_gb_content_width":"1200","footnotes":""},"categories":[95],"tags":[],"class_list":["post-4156","post","type-post","status-publish","format-standard","has-post-thumbnail","hentry","category-evangelio-del-domingo"],"_links":{"self":[{"href":"https:\/\/franciscanas.org\/portal\/lamerica\/wp-json\/wp\/v2\/posts\/4156","targetHints":{"allow":["GET"]}}],"collection":[{"href":"https:\/\/franciscanas.org\/portal\/lamerica\/wp-json\/wp\/v2\/posts"}],"about":[{"href":"https:\/\/franciscanas.org\/portal\/lamerica\/wp-json\/wp\/v2\/types\/post"}],"author":[{"embeddable":true,"href":"https:\/\/franciscanas.org\/portal\/lamerica\/wp-json\/wp\/v2\/users\/1"}],"replies":[{"embeddable":true,"href":"https:\/\/franciscanas.org\/portal\/lamerica\/wp-json\/wp\/v2\/comments?post=4156"}],"version-history":[{"count":1,"href":"https:\/\/franciscanas.org\/portal\/lamerica\/wp-json\/wp\/v2\/posts\/4156\/revisions"}],"predecessor-version":[{"id":4157,"href":"https:\/\/franciscanas.org\/portal\/lamerica\/wp-json\/wp\/v2\/posts\/4156\/revisions\/4157"}],"wp:featuredmedia":[{"embeddable":true,"href":"https:\/\/franciscanas.org\/portal\/lamerica\/wp-json\/wp\/v2\/media\/4158"}],"wp:attachment":[{"href":"https:\/\/franciscanas.org\/portal\/lamerica\/wp-json\/wp\/v2\/media?parent=4156"}],"wp:term":[{"taxonomy":"category","embeddable":true,"href":"https:\/\/franciscanas.org\/portal\/lamerica\/wp-json\/wp\/v2\/categories?post=4156"},{"taxonomy":"post_tag","embeddable":true,"href":"https:\/\/franciscanas.org\/portal\/lamerica\/wp-json\/wp\/v2\/tags?post=4156"}],"curies":[{"name":"wp","href":"https:\/\/api.w.org\/{rel}","templated":true}]}}