{"id":4129,"date":"2024-08-16T19:00:12","date_gmt":"2024-08-17T00:00:12","guid":{"rendered":"https:\/\/franciscanas.org\/portal\/lamerica\/?p=4129"},"modified":"2024-08-04T19:15:38","modified_gmt":"2024-08-05T00:15:38","slug":"20o-domingo-del-tiempo-ordinario-2","status":"publish","type":"post","link":"https:\/\/franciscanas.org\/portal\/lamerica\/evangelio-del-domingo\/20o-domingo-del-tiempo-ordinario-2\/","title":{"rendered":"20\u00ba Domingo del Tiempo Ordinario"},"content":{"rendered":"\n<p class=\"has-vivid-red-color has-text-color has-link-color wp-elements-effc6a47b01664910b7881ef4ab4f739\"><strong>Evangelio de Juan<\/strong> 6, 51-58<\/p>\n\n\n\n<p>Dijo Jesus:<br>51 Yo soy el pan vivo bajado del cielo. El que coma de este pan vivir\u00e1 eternamente, y el pan que yo dar\u00e9 es mi carne para la Vida del mundo\u00bb.<br>52 Los jud\u00edos discut\u00edan entre s\u00ed, diciendo: \u00ab\u00bfC\u00f3mo este hombre puede darnos a comer su carne?\u00bb.<br>53 Jes\u00fas les respondi\u00f3: \u00abLes aseguro que si no comen la carne del Hijo del hombre y no beben su sangre, no tendr\u00e1n Vida en ustedes.<br>54 El que come mi carne y bebe mi sangre tiene Vida eterna, y yo lo resucitar\u00e9 en el \u00faltimo d\u00eda.<br>55 Porque mi carne es la verdadera comida y mi sangre, la verdadera bebida.<br>56 El que come mi carne y bebe mi sangre permanece en m\u00ed y yo en \u00e9l.<br>57 As\u00ed como yo, que he sido enviado por el Padre que tiene Vida, vivo por el Padre, de la misma manera, el que me come vivir\u00e1 por m\u00ed.<br>58 Este es el pan bajado del cielo; no como el que comieron sus padres y murieron. El que coma de este pan vivir\u00e1 eternamente\u00bb.<\/p>\n\n\n\n<p class=\"has-vivid-red-color has-text-color has-link-color wp-elements-21c5cd5272de054e869688caad08be9c\">Palabra del Se\u00f1or.<\/p>\n\n\n\n<p><\/p>\n","protected":false},"excerpt":{"rendered":"<p>El que coma de este pan vivir\u00e1 eternamente (Jn 6, 51).<\/p>\n","protected":false},"author":1,"featured_media":4130,"comment_status":"closed","ping_status":"closed","sticky":false,"template":"","format":"standard","meta":{"_et_pb_use_builder":"off","_et_pb_old_content":"","_et_gb_content_width":"1200","footnotes":""},"categories":[95],"tags":[],"class_list":["post-4129","post","type-post","status-publish","format-standard","has-post-thumbnail","hentry","category-evangelio-del-domingo"],"_links":{"self":[{"href":"https:\/\/franciscanas.org\/portal\/lamerica\/wp-json\/wp\/v2\/posts\/4129","targetHints":{"allow":["GET"]}}],"collection":[{"href":"https:\/\/franciscanas.org\/portal\/lamerica\/wp-json\/wp\/v2\/posts"}],"about":[{"href":"https:\/\/franciscanas.org\/portal\/lamerica\/wp-json\/wp\/v2\/types\/post"}],"author":[{"embeddable":true,"href":"https:\/\/franciscanas.org\/portal\/lamerica\/wp-json\/wp\/v2\/users\/1"}],"replies":[{"embeddable":true,"href":"https:\/\/franciscanas.org\/portal\/lamerica\/wp-json\/wp\/v2\/comments?post=4129"}],"version-history":[{"count":1,"href":"https:\/\/franciscanas.org\/portal\/lamerica\/wp-json\/wp\/v2\/posts\/4129\/revisions"}],"predecessor-version":[{"id":4131,"href":"https:\/\/franciscanas.org\/portal\/lamerica\/wp-json\/wp\/v2\/posts\/4129\/revisions\/4131"}],"wp:featuredmedia":[{"embeddable":true,"href":"https:\/\/franciscanas.org\/portal\/lamerica\/wp-json\/wp\/v2\/media\/4130"}],"wp:attachment":[{"href":"https:\/\/franciscanas.org\/portal\/lamerica\/wp-json\/wp\/v2\/media?parent=4129"}],"wp:term":[{"taxonomy":"category","embeddable":true,"href":"https:\/\/franciscanas.org\/portal\/lamerica\/wp-json\/wp\/v2\/categories?post=4129"},{"taxonomy":"post_tag","embeddable":true,"href":"https:\/\/franciscanas.org\/portal\/lamerica\/wp-json\/wp\/v2\/tags?post=4129"}],"curies":[{"name":"wp","href":"https:\/\/api.w.org\/{rel}","templated":true}]}}