{"id":4125,"date":"2024-08-09T20:30:00","date_gmt":"2024-08-10T01:30:00","guid":{"rendered":"https:\/\/franciscanas.org\/portal\/lamerica\/?p=4125"},"modified":"2024-08-04T18:54:07","modified_gmt":"2024-08-04T23:54:07","slug":"19o-domingo-del-tiempo-ordinario","status":"publish","type":"post","link":"https:\/\/franciscanas.org\/portal\/lamerica\/evangelio-del-domingo\/19o-domingo-del-tiempo-ordinario\/","title":{"rendered":"19\u00ba Domingo del Tiempo Ordinario"},"content":{"rendered":"\n<p class=\"has-vivid-red-color has-text-color has-link-color wp-elements-f3f17858e2db009c068e3c862aa1c23d\"><strong>Evangelho de Juan<\/strong> 6,41-51<\/p>\n\n\n\n<p>En aqu\u00e9l tiempo<br>41 Los jud\u00edos murmuraban de \u00e9l, porque hab\u00eda dicho: \u00abYo soy el pan bajado del cielo\u00bb.<br>42 Y dec\u00edan: \u00ab\u00bfAcaso este no es Jes\u00fas, el hijo de Jos\u00e9? Nosotros conocemos a su padre y a su madres. \u00bfC\u00f3mo puede decir ahora: \u00abYo he bajado del cielo\u00bb?<br>43 Jes\u00fas tom\u00f3 la palabra y les dijo: \u00abNo murmuren entre ustedes.<br>44 Nadie puede venir a m\u00ed, si no lo atrae el Padre que me envi\u00f3; y yo lo resucitar\u00e9 en el \u00faltimo d\u00eda.<br>45 Est\u00e1 escrito en el libro de los Profetas: &#8220;Todos ser\u00e1n instruidos por Dios&#8221;. Todo el que oy\u00f3 al Padre y recibe su ense\u00f1anza, viene a m\u00ed.<br>46 Nadie ha visto nunca al Padre, sino el que viene de Dios: s\u00f3lo \u00e9l ha visto al Padre.<br>47 Les aseguro que el que cree, tiene Vida eterna.<br>48 Yo soy el pan de Vida.<br>49 Sus padres, en el desierto, comieron el man\u00e1 y murieron.<br>50 Pero este es el pan que desciende del cielo, para que aquel que lo coma no muera.<br>51 Yo soy el pan vivo bajado del cielo. El que coma de este pan vivir\u00e1 eternamente, y el pan que yo dar\u00e9 es mi carne para la Vida del mundo\u00bb.<\/p>\n\n\n\n<p class=\"has-vivid-red-color has-text-color has-link-color wp-elements-21c5cd5272de054e869688caad08be9c\">Palabra del Se\u00f1or.<\/p>\n\n\n\n<p><\/p>\n","protected":false},"excerpt":{"rendered":"<p>Todo el que oy\u00f3 al Padre y recibe su ense\u00f1anza, viene a m\u00ed. (Jn  6, 45)<\/p>\n","protected":false},"author":1,"featured_media":4127,"comment_status":"closed","ping_status":"closed","sticky":false,"template":"","format":"standard","meta":{"_et_pb_use_builder":"off","_et_pb_old_content":"","_et_gb_content_width":"1200","footnotes":""},"categories":[95],"tags":[],"class_list":["post-4125","post","type-post","status-publish","format-standard","has-post-thumbnail","hentry","category-evangelio-del-domingo"],"_links":{"self":[{"href":"https:\/\/franciscanas.org\/portal\/lamerica\/wp-json\/wp\/v2\/posts\/4125","targetHints":{"allow":["GET"]}}],"collection":[{"href":"https:\/\/franciscanas.org\/portal\/lamerica\/wp-json\/wp\/v2\/posts"}],"about":[{"href":"https:\/\/franciscanas.org\/portal\/lamerica\/wp-json\/wp\/v2\/types\/post"}],"author":[{"embeddable":true,"href":"https:\/\/franciscanas.org\/portal\/lamerica\/wp-json\/wp\/v2\/users\/1"}],"replies":[{"embeddable":true,"href":"https:\/\/franciscanas.org\/portal\/lamerica\/wp-json\/wp\/v2\/comments?post=4125"}],"version-history":[{"count":1,"href":"https:\/\/franciscanas.org\/portal\/lamerica\/wp-json\/wp\/v2\/posts\/4125\/revisions"}],"predecessor-version":[{"id":4128,"href":"https:\/\/franciscanas.org\/portal\/lamerica\/wp-json\/wp\/v2\/posts\/4125\/revisions\/4128"}],"wp:featuredmedia":[{"embeddable":true,"href":"https:\/\/franciscanas.org\/portal\/lamerica\/wp-json\/wp\/v2\/media\/4127"}],"wp:attachment":[{"href":"https:\/\/franciscanas.org\/portal\/lamerica\/wp-json\/wp\/v2\/media?parent=4125"}],"wp:term":[{"taxonomy":"category","embeddable":true,"href":"https:\/\/franciscanas.org\/portal\/lamerica\/wp-json\/wp\/v2\/categories?post=4125"},{"taxonomy":"post_tag","embeddable":true,"href":"https:\/\/franciscanas.org\/portal\/lamerica\/wp-json\/wp\/v2\/tags?post=4125"}],"curies":[{"name":"wp","href":"https:\/\/api.w.org\/{rel}","templated":true}]}}