{"id":4121,"date":"2024-08-02T12:30:00","date_gmt":"2024-08-02T17:30:00","guid":{"rendered":"https:\/\/franciscanas.org\/portal\/lamerica\/?p=4121"},"modified":"2024-08-03T14:29:35","modified_gmt":"2024-08-03T19:29:35","slug":"18o-domingo-del-tiempo-ordinario-2","status":"publish","type":"post","link":"https:\/\/franciscanas.org\/portal\/lamerica\/evangelio-del-domingo\/18o-domingo-del-tiempo-ordinario-2\/","title":{"rendered":"18\u00ba Domingo del Tiempo Ordinario"},"content":{"rendered":"\n<p class=\"has-vivid-red-color has-text-color has-link-color wp-elements-cc45a87c6179fb34425be308f605dd8f\"><strong>Evangelio Juan 6,24-35<\/strong><\/p>\n\n\n\n<p>En aquellos d\u00e1s,<br>24 Cuando la multitud se dio cuenta de que Jes\u00fas y sus disc\u00edpulos no estaban all\u00ed, subieron a las barcas y fueron a Cafarna\u00fam en busca de Jes\u00fas.<br>25 Al encontrarlo en la otra orilla, le preguntaron: \u00abMaestro, \u00bfcu\u00e1ndo llegaste?\u00bb.<br>26 Jes\u00fas les respondi\u00f3: \u00abLes aseguro que ustedes me buscan, no porque vieron signos, sino porque han comido pan hasta saciarse.<br>27 Trabajen, no por el alimento perecedero, sino por el que permanece hasta la Vida eterna, el que les dar\u00e1 el Hijo del hombre; porque es \u00e9l a quien Dios, el Padre, marc\u00f3 con su sello\u00bb.<br>28 Ellos le preguntaron: \u00ab\u00bfQu\u00e9 debemos hacer para realizar las obras de Dios?\u00bb.<br>29 Jes\u00fas les respondi\u00f3: \u00abLa obra de Dios es que ustedes crean en aquel que \u00e9l ha enviado\u00bb.<br>30 Y volvieron a preguntarle: \u00ab\u00bfQu\u00e9 signos haces para que veamos y creamos en ti? \u00bfQu\u00e9 obra realizas?<br>31 Nuestros padres comieron el man\u00e1 en el desierto, como dice la Escritura: Les dio de comer el pan bajado del cielo\u00bb.<br>32 Jes\u00fas respondi\u00f3: \u00abLes aseguro que no es Mois\u00e9s el que les dio el pan del cielo; mi Padre les da el verdadero pan del cielo;<br>33 porque el pan de Dios es el que desciende del cielo y da Vida al mundo\u00bb.<br>34 Ellos le dijeron: \u00abSe\u00f1or, danos siempre de ese pan\u00bb.<br>35 Jes\u00fas les respondi\u00f3: \u00abYo soy el pan de Vida. El que viene a m\u00ed jam\u00e1s tendr\u00e1 hambre; el que cree en m\u00ed jam\u00e1s tendr\u00e1 sed.<\/p>\n\n\n\n<p class=\"has-vivid-red-color has-text-color has-link-color wp-elements-21c5cd5272de054e869688caad08be9c\">Palabra del Se\u00f1or.<\/p>\n\n\n\n<p><\/p>\n","protected":false},"excerpt":{"rendered":"<p>Trabajen por el que permanece hasta la Vida eterna. (Jn 6, 27)<\/p>\n","protected":false},"author":1,"featured_media":4122,"comment_status":"closed","ping_status":"closed","sticky":false,"template":"","format":"standard","meta":{"_et_pb_use_builder":"off","_et_pb_old_content":"","_et_gb_content_width":"1200","footnotes":""},"categories":[95],"tags":[],"class_list":["post-4121","post","type-post","status-publish","format-standard","has-post-thumbnail","hentry","category-evangelio-del-domingo"],"_links":{"self":[{"href":"https:\/\/franciscanas.org\/portal\/lamerica\/wp-json\/wp\/v2\/posts\/4121","targetHints":{"allow":["GET"]}}],"collection":[{"href":"https:\/\/franciscanas.org\/portal\/lamerica\/wp-json\/wp\/v2\/posts"}],"about":[{"href":"https:\/\/franciscanas.org\/portal\/lamerica\/wp-json\/wp\/v2\/types\/post"}],"author":[{"embeddable":true,"href":"https:\/\/franciscanas.org\/portal\/lamerica\/wp-json\/wp\/v2\/users\/1"}],"replies":[{"embeddable":true,"href":"https:\/\/franciscanas.org\/portal\/lamerica\/wp-json\/wp\/v2\/comments?post=4121"}],"version-history":[{"count":1,"href":"https:\/\/franciscanas.org\/portal\/lamerica\/wp-json\/wp\/v2\/posts\/4121\/revisions"}],"predecessor-version":[{"id":4123,"href":"https:\/\/franciscanas.org\/portal\/lamerica\/wp-json\/wp\/v2\/posts\/4121\/revisions\/4123"}],"wp:featuredmedia":[{"embeddable":true,"href":"https:\/\/franciscanas.org\/portal\/lamerica\/wp-json\/wp\/v2\/media\/4122"}],"wp:attachment":[{"href":"https:\/\/franciscanas.org\/portal\/lamerica\/wp-json\/wp\/v2\/media?parent=4121"}],"wp:term":[{"taxonomy":"category","embeddable":true,"href":"https:\/\/franciscanas.org\/portal\/lamerica\/wp-json\/wp\/v2\/categories?post=4121"},{"taxonomy":"post_tag","embeddable":true,"href":"https:\/\/franciscanas.org\/portal\/lamerica\/wp-json\/wp\/v2\/tags?post=4121"}],"curies":[{"name":"wp","href":"https:\/\/api.w.org\/{rel}","templated":true}]}}