{"id":4078,"date":"2024-07-26T20:30:00","date_gmt":"2024-07-27T01:30:00","guid":{"rendered":"https:\/\/franciscanas.org\/portal\/lamerica\/?p=4078"},"modified":"2024-07-27T13:44:27","modified_gmt":"2024-07-27T18:44:27","slug":"4078","status":"publish","type":"post","link":"https:\/\/franciscanas.org\/portal\/lamerica\/evangelio-del-domingo\/4078\/","title":{"rendered":"17\u00ba Domingo del Tiempo Ordinario"},"content":{"rendered":"\n<p class=\"has-vivid-red-color has-text-color has-link-color wp-elements-94d2624ab5dbcf38138c914060a40aea\"><strong>Evangelio de Juan<\/strong> 6, 1-15<\/p>\n\n\n\n<p>En aqu\u00e9l tiempo,<br>01 Despu\u00e9s de esto, Jes\u00fas atraves\u00f3 el mar de Galilea, llamado Tiber\u00edades.<br>02 Lo segu\u00eda una gran multitud, al ver los signos que hac\u00eda curando a los enfermos.<br>03 Jes\u00fas subi\u00f3 a la monta\u00f1a y se sent\u00f3 all\u00ed con sus disc\u00edpulos.<br>04 Se acercaba la Pascua, la fiesta de los jud\u00edos<br>05 Al levantar los ojos, Jes\u00fas vio que una gran multitud acud\u00eda a \u00e9l y dijo a Felipe: \u00ab\u00bfD\u00f3nde compraremos pan para darles de comer?\u00bb.<br>06 El dec\u00eda esto para ponerlo a prueba, porque sab\u00eda bien lo que iba a hacer.<br>07 Felipe le respondi\u00f3: \u00abDoscientos denarios no bastar\u00edan para que cada uno pudiera comer un pedazo de pan\u00bb.<br>08 Uno de sus disc\u00edpulos, Andr\u00e9s, el hermano de Sim\u00f3n Pedro, le dijo:<br>09 \u00abAqu\u00ed hay un ni\u00f1o que tiene cinco panes de cebada y dos pescados, pero \u00bfqu\u00e9 es esto para tanta gente?\u00bb.<br>10 Jes\u00fas le respondi\u00f3: \u00abH\u00e1ganlos sentar\u00bb. Hab\u00eda mucho pasto en ese lugar. Todos se sentaron y eran uno cinco mil hombres.<br>11 Jes\u00fas tom\u00f3 los panes, dio gracias y los distribuy\u00f3 a los que estaban sentados. Lo mismo hizo con los pescados, d\u00e1ndoles todo lo que quisieron.<br>12 Cuando todos quedaron satisfechos, Jes\u00fas dijo a sus disc\u00edpulos: \u00abRecojan los pedazos que sobran, para que no se pierda nada\u00bb.<br>13 Los recogieron y llenaron doce canastas con los pedazos que sobraron de los cinco panes de cebada.<br>14 Al ver el signo que Jes\u00fas acababa de hacer, la gente dec\u00eda: \u00abEste es, verdaderamente, el Profeta que debe venir al mundo\u00bb.<br>15 Jes\u00fas, sabiendo que quer\u00edan apoderarse de \u00e9l para hacerlo rey, se retir\u00f3 otra vez solo a la monta\u00f1a.<\/p>\n\n\n\n<p class=\"has-vivid-red-color has-text-color has-link-color wp-elements-21c5cd5272de054e869688caad08be9c\">Palabra del Se\u00f1or.<\/p>\n\n\n\n<p><\/p>\n","protected":false},"excerpt":{"rendered":"<p>\u201cEste es, verdaderamente, el Profeta que debe venir al mundo\u201d<br \/>\n(Jn 6, 14)<\/p>\n","protected":false},"author":1,"featured_media":4076,"comment_status":"closed","ping_status":"closed","sticky":false,"template":"","format":"standard","meta":{"_et_pb_use_builder":"off","_et_pb_old_content":"","_et_gb_content_width":"1200","footnotes":""},"categories":[95],"tags":[],"class_list":["post-4078","post","type-post","status-publish","format-standard","has-post-thumbnail","hentry","category-evangelio-del-domingo"],"_links":{"self":[{"href":"https:\/\/franciscanas.org\/portal\/lamerica\/wp-json\/wp\/v2\/posts\/4078","targetHints":{"allow":["GET"]}}],"collection":[{"href":"https:\/\/franciscanas.org\/portal\/lamerica\/wp-json\/wp\/v2\/posts"}],"about":[{"href":"https:\/\/franciscanas.org\/portal\/lamerica\/wp-json\/wp\/v2\/types\/post"}],"author":[{"embeddable":true,"href":"https:\/\/franciscanas.org\/portal\/lamerica\/wp-json\/wp\/v2\/users\/1"}],"replies":[{"embeddable":true,"href":"https:\/\/franciscanas.org\/portal\/lamerica\/wp-json\/wp\/v2\/comments?post=4078"}],"version-history":[{"count":3,"href":"https:\/\/franciscanas.org\/portal\/lamerica\/wp-json\/wp\/v2\/posts\/4078\/revisions"}],"predecessor-version":[{"id":4082,"href":"https:\/\/franciscanas.org\/portal\/lamerica\/wp-json\/wp\/v2\/posts\/4078\/revisions\/4082"}],"wp:featuredmedia":[{"embeddable":true,"href":"https:\/\/franciscanas.org\/portal\/lamerica\/wp-json\/wp\/v2\/media\/4076"}],"wp:attachment":[{"href":"https:\/\/franciscanas.org\/portal\/lamerica\/wp-json\/wp\/v2\/media?parent=4078"}],"wp:term":[{"taxonomy":"category","embeddable":true,"href":"https:\/\/franciscanas.org\/portal\/lamerica\/wp-json\/wp\/v2\/categories?post=4078"},{"taxonomy":"post_tag","embeddable":true,"href":"https:\/\/franciscanas.org\/portal\/lamerica\/wp-json\/wp\/v2\/tags?post=4078"}],"curies":[{"name":"wp","href":"https:\/\/api.w.org\/{rel}","templated":true}]}}