{"id":4070,"date":"2024-07-19T12:35:00","date_gmt":"2024-07-19T17:35:00","guid":{"rendered":"https:\/\/franciscanas.org\/portal\/lamerica\/?p=4070"},"modified":"2024-08-03T14:44:27","modified_gmt":"2024-08-03T19:44:27","slug":"16o-domingo-del-tiempo-ordinario-2","status":"publish","type":"post","link":"https:\/\/franciscanas.org\/portal\/lamerica\/evangelio-del-domingo\/16o-domingo-del-tiempo-ordinario-2\/","title":{"rendered":"16\u00ba Domingo del Tiempo Ordinario"},"content":{"rendered":"\n<p class=\"has-vivid-red-color has-text-color has-link-color wp-elements-6261bece3aabac7213168087a3b9671f\">Evangelio de Marcus 6,30-34<\/p>\n\n\n\n<p>30 Los Ap\u00f3stoles se reunieron con Jes\u00fas y le contaron todo lo que hab\u00edan hecho y ense\u00f1ado.<br>31 El les dijo: \u00abVengan ustedes solos a un lugar desierto, para descansar un poco\u00bb. Porque era tanta la gente que iba y ven\u00eda, que no ten\u00edan tiempo ni para comer.<br>32 Entonces se fueron solos en la barca a un lugar desierto<br>33 Al verlos partir, muchos los reconocieron, y de todas las ciudades acudieron por tierra a aquel lugar y llegaron antes que ellos.<br>34 Al desembarcar, Jes\u00fas vio una gran muchedumbre y se compadeci\u00f3 de ella, porque eran como ovejas sin pastor, y estuvo ense\u00f1\u00e1ndoles largo rato.<br>Palabra del Se\u00f1or.<\/p>\n\n\n\n<p class=\"has-vivid-red-color has-text-color has-link-color wp-elements-21c5cd5272de054e869688caad08be9c\">Palabra del Se\u00f1or.<\/p>\n\n\n\n<p><\/p>\n","protected":false},"excerpt":{"rendered":"<p>\u201cVengan&#8230; para descansar un poco\u201d Mc 6, 31<\/p>\n","protected":false},"author":1,"featured_media":4124,"comment_status":"closed","ping_status":"closed","sticky":false,"template":"","format":"standard","meta":{"_et_pb_use_builder":"off","_et_pb_old_content":"","_et_gb_content_width":"1200","footnotes":""},"categories":[95],"tags":[],"class_list":["post-4070","post","type-post","status-publish","format-standard","has-post-thumbnail","hentry","category-evangelio-del-domingo"],"_links":{"self":[{"href":"https:\/\/franciscanas.org\/portal\/lamerica\/wp-json\/wp\/v2\/posts\/4070","targetHints":{"allow":["GET"]}}],"collection":[{"href":"https:\/\/franciscanas.org\/portal\/lamerica\/wp-json\/wp\/v2\/posts"}],"about":[{"href":"https:\/\/franciscanas.org\/portal\/lamerica\/wp-json\/wp\/v2\/types\/post"}],"author":[{"embeddable":true,"href":"https:\/\/franciscanas.org\/portal\/lamerica\/wp-json\/wp\/v2\/users\/1"}],"replies":[{"embeddable":true,"href":"https:\/\/franciscanas.org\/portal\/lamerica\/wp-json\/wp\/v2\/comments?post=4070"}],"version-history":[{"count":2,"href":"https:\/\/franciscanas.org\/portal\/lamerica\/wp-json\/wp\/v2\/posts\/4070\/revisions"}],"predecessor-version":[{"id":4084,"href":"https:\/\/franciscanas.org\/portal\/lamerica\/wp-json\/wp\/v2\/posts\/4070\/revisions\/4084"}],"wp:featuredmedia":[{"embeddable":true,"href":"https:\/\/franciscanas.org\/portal\/lamerica\/wp-json\/wp\/v2\/media\/4124"}],"wp:attachment":[{"href":"https:\/\/franciscanas.org\/portal\/lamerica\/wp-json\/wp\/v2\/media?parent=4070"}],"wp:term":[{"taxonomy":"category","embeddable":true,"href":"https:\/\/franciscanas.org\/portal\/lamerica\/wp-json\/wp\/v2\/categories?post=4070"},{"taxonomy":"post_tag","embeddable":true,"href":"https:\/\/franciscanas.org\/portal\/lamerica\/wp-json\/wp\/v2\/tags?post=4070"}],"curies":[{"name":"wp","href":"https:\/\/api.w.org\/{rel}","templated":true}]}}