{"id":4067,"date":"2024-07-12T20:30:00","date_gmt":"2024-07-13T01:30:00","guid":{"rendered":"https:\/\/franciscanas.org\/portal\/lamerica\/?p=4067"},"modified":"2024-07-13T14:44:01","modified_gmt":"2024-07-13T19:44:01","slug":"15o-domingo-del-tiempo-ordinario-2","status":"publish","type":"post","link":"https:\/\/franciscanas.org\/portal\/lamerica\/evangelio-del-domingo\/15o-domingo-del-tiempo-ordinario-2\/","title":{"rendered":"15\u00ba Domingo del Tiempo Ordinario"},"content":{"rendered":"\n<p class=\"has-vivid-red-color has-text-color has-link-color wp-elements-9db100bf54a0ab5eebeb8667fbbf7b36\"><strong>Evangelio de Marcos<\/strong> 6, 7-13<\/p>\n\n\n\n<p>07 Llam\u00f3 a los Doce y comenz\u00f3 a enviarlos de dos en dos, d\u00e1ndoles poder sobre los esp\u00edritus impuros.<br>08 Les orden\u00f3 que no llevaran nada para el camino, fuera de un bast\u00f3n: ni pan, ni morral, ni dinero;<br>09 que llevaran calzado corriente y un solo manto.<br>10 Y les dec\u00eda: \u00abQu\u00e9dense en la primera casa en que les den alojamiento, hasta que se vayan de ese sitio.<br>11 Y si en alg\u00fan lugar no los reciben ni los escuchan, no se alejen de all\u00ed sin haber sacudido el polvo de sus pies: con esto dar\u00e1n testimonio contra ellos.\u00bb<br>12 Fueron, pues, a predicar, invitando a la conversi\u00f3n.<br>13 Expulsaban a muchos esp\u00edritus malos y sanaban a numerosos enfermos, ungi\u00e9ndoles con aceite.<\/p>\n\n\n\n<p class=\"has-vivid-red-color has-text-color has-link-color wp-elements-21c5cd5272de054e869688caad08be9c\">Palabra del Se\u00f1or.<\/p>\n\n\n\n<p><\/p>\n","protected":false},"excerpt":{"rendered":"<p>\u201cLlam\u00f3 a los Doce y comenz\u00f3 a enviarlos de dos en dos&#8230;\u201d Mc 6,7<\/p>\n","protected":false},"author":1,"featured_media":4068,"comment_status":"closed","ping_status":"closed","sticky":false,"template":"","format":"standard","meta":{"_et_pb_use_builder":"off","_et_pb_old_content":"","_et_gb_content_width":"1200","footnotes":""},"categories":[95],"tags":[],"class_list":["post-4067","post","type-post","status-publish","format-standard","has-post-thumbnail","hentry","category-evangelio-del-domingo"],"_links":{"self":[{"href":"https:\/\/franciscanas.org\/portal\/lamerica\/wp-json\/wp\/v2\/posts\/4067","targetHints":{"allow":["GET"]}}],"collection":[{"href":"https:\/\/franciscanas.org\/portal\/lamerica\/wp-json\/wp\/v2\/posts"}],"about":[{"href":"https:\/\/franciscanas.org\/portal\/lamerica\/wp-json\/wp\/v2\/types\/post"}],"author":[{"embeddable":true,"href":"https:\/\/franciscanas.org\/portal\/lamerica\/wp-json\/wp\/v2\/users\/1"}],"replies":[{"embeddable":true,"href":"https:\/\/franciscanas.org\/portal\/lamerica\/wp-json\/wp\/v2\/comments?post=4067"}],"version-history":[{"count":1,"href":"https:\/\/franciscanas.org\/portal\/lamerica\/wp-json\/wp\/v2\/posts\/4067\/revisions"}],"predecessor-version":[{"id":4069,"href":"https:\/\/franciscanas.org\/portal\/lamerica\/wp-json\/wp\/v2\/posts\/4067\/revisions\/4069"}],"wp:featuredmedia":[{"embeddable":true,"href":"https:\/\/franciscanas.org\/portal\/lamerica\/wp-json\/wp\/v2\/media\/4068"}],"wp:attachment":[{"href":"https:\/\/franciscanas.org\/portal\/lamerica\/wp-json\/wp\/v2\/media?parent=4067"}],"wp:term":[{"taxonomy":"category","embeddable":true,"href":"https:\/\/franciscanas.org\/portal\/lamerica\/wp-json\/wp\/v2\/categories?post=4067"},{"taxonomy":"post_tag","embeddable":true,"href":"https:\/\/franciscanas.org\/portal\/lamerica\/wp-json\/wp\/v2\/tags?post=4067"}],"curies":[{"name":"wp","href":"https:\/\/api.w.org\/{rel}","templated":true}]}}