{"id":4020,"date":"2024-07-05T20:30:00","date_gmt":"2024-07-06T01:30:00","guid":{"rendered":"https:\/\/franciscanas.org\/portal\/lamerica\/?p=4020"},"modified":"2024-07-06T21:09:01","modified_gmt":"2024-07-07T02:09:01","slug":"14o-domingo-del-tiempo-ordinario-2","status":"publish","type":"post","link":"https:\/\/franciscanas.org\/portal\/lamerica\/evangelio-del-domingo\/14o-domingo-del-tiempo-ordinario-2\/","title":{"rendered":"14\u00ba Domingo del Tiempo Ordinario"},"content":{"rendered":"\n<p class=\"has-vivid-red-color has-text-color has-link-color wp-elements-ca7ae23c4a3fbd73f9a18527ca8309de\"><strong>Evangelio de Marcos <\/strong>6, 1 &#8211; 6<\/p>\n\n\n\n<p>01 Al irse Jes\u00fas de all\u00ed, volvi\u00f3 a su tierra, y sus disc\u00edpulos se fueron con \u00e9l.<br>02 Cuando lleg\u00f3 el s\u00e1bado, se puso a ense\u00f1ar en la sinagoga y mucha gente lo escuchaba con estupor. Se preguntaban: \u00ab\u00bfDe d\u00f3nde le viene todo esto? \u00bfY qu\u00e9 pensar de la sabidur\u00eda que ha recibido, con esos milagros que salen de sus manos?<br>03 Pero no es m\u00e1s que el carpintero, el hijo de Mar\u00eda; es un hermano de Santiago, de Joset, de Judas y Sim\u00f3n. \u00bfY sus hermanas no est\u00e1n aqu\u00ed entre nosotros?\u00bb Y se escandalizaron por cuenta de \u00e9l.<br>04 Jes\u00fas les dijo: \u00abSi hay un lugar donde un profeta es despreciado, es en su tierra, entre sus parientes y en su propia familia.\u00bb<br>05 Y no pudo hacer all\u00ed ning\u00fan milagro. Tan s\u00f3lo san\u00f3 a unos pocos enfermos imponi\u00e9ndoles las manos.<br>06 Jes\u00fas se admiraba de c\u00f3mo se negaban a creer. Jes\u00fas recorr\u00eda todos los pueblos de los alrededores ense\u00f1ando.<\/p>\n\n\n\n<p class=\"has-vivid-red-color has-text-color has-link-color wp-elements-21c5cd5272de054e869688caad08be9c\">Palabra del Se\u00f1or.<\/p>\n\n\n\n<p><\/p>\n","protected":false},"excerpt":{"rendered":"<p>\u201c\u00bfQu\u00e9 pensar de la sabidur\u00eda que ha recibido?\u201d<\/p>\n","protected":false},"author":1,"featured_media":4021,"comment_status":"closed","ping_status":"closed","sticky":false,"template":"","format":"standard","meta":{"_et_pb_use_builder":"off","_et_pb_old_content":"","_et_gb_content_width":"1200","footnotes":""},"categories":[95],"tags":[],"class_list":["post-4020","post","type-post","status-publish","format-standard","has-post-thumbnail","hentry","category-evangelio-del-domingo"],"_links":{"self":[{"href":"https:\/\/franciscanas.org\/portal\/lamerica\/wp-json\/wp\/v2\/posts\/4020","targetHints":{"allow":["GET"]}}],"collection":[{"href":"https:\/\/franciscanas.org\/portal\/lamerica\/wp-json\/wp\/v2\/posts"}],"about":[{"href":"https:\/\/franciscanas.org\/portal\/lamerica\/wp-json\/wp\/v2\/types\/post"}],"author":[{"embeddable":true,"href":"https:\/\/franciscanas.org\/portal\/lamerica\/wp-json\/wp\/v2\/users\/1"}],"replies":[{"embeddable":true,"href":"https:\/\/franciscanas.org\/portal\/lamerica\/wp-json\/wp\/v2\/comments?post=4020"}],"version-history":[{"count":1,"href":"https:\/\/franciscanas.org\/portal\/lamerica\/wp-json\/wp\/v2\/posts\/4020\/revisions"}],"predecessor-version":[{"id":4022,"href":"https:\/\/franciscanas.org\/portal\/lamerica\/wp-json\/wp\/v2\/posts\/4020\/revisions\/4022"}],"wp:featuredmedia":[{"embeddable":true,"href":"https:\/\/franciscanas.org\/portal\/lamerica\/wp-json\/wp\/v2\/media\/4021"}],"wp:attachment":[{"href":"https:\/\/franciscanas.org\/portal\/lamerica\/wp-json\/wp\/v2\/media?parent=4020"}],"wp:term":[{"taxonomy":"category","embeddable":true,"href":"https:\/\/franciscanas.org\/portal\/lamerica\/wp-json\/wp\/v2\/categories?post=4020"},{"taxonomy":"post_tag","embeddable":true,"href":"https:\/\/franciscanas.org\/portal\/lamerica\/wp-json\/wp\/v2\/tags?post=4020"}],"curies":[{"name":"wp","href":"https:\/\/api.w.org\/{rel}","templated":true}]}}