{"id":4013,"date":"2024-06-21T20:30:00","date_gmt":"2024-06-22T01:30:00","guid":{"rendered":"https:\/\/franciscanas.org\/portal\/lamerica\/?p=4013"},"modified":"2024-06-22T21:17:10","modified_gmt":"2024-06-23T02:17:10","slug":"12o-domingo-del-tiempo-ordinario-2","status":"publish","type":"post","link":"https:\/\/franciscanas.org\/portal\/lamerica\/evangelio-del-domingo\/12o-domingo-del-tiempo-ordinario-2\/","title":{"rendered":"12\u00ba Domingo del Tiempo Ordinario"},"content":{"rendered":"\n<p class=\"has-vivid-red-color has-text-color has-link-color wp-elements-4befac94efbf8e130fc63dd46b595b57\"><strong>Evangelio de Marcos<\/strong> 4, 35-41<\/p>\n\n\n\n<p>35 Al atardecer de aquel mismo d\u00eda, Jes\u00fas dijo a sus disc\u00edpulos: \u00abCrucemos a la otra orilla del lago.\u00bb<br>36 Despidieron a la gente y lo llevaron en la barca en que estaba. Tambi\u00e9n lo acompa\u00f1aban otras barcas.<br>37 De pronto se levant\u00f3 un gran temporal y las olas se estrellaban contra la barca, que se iba llenando de agua.<br>38 Mientras tanto Jes\u00fas dorm\u00eda en la popa sobre un coj\u00edn. 38 Lo despertaron diciendo: \u00abMaestro, \u00bfno te importa que nos hundamos?\u00bb<br>39 El entonces se despert\u00f3. Se encar\u00f3 con el viento y dijo al mar: \u00abC\u00e1llate, c\u00e1lmate.\u00bb El viento se apacigu\u00f3 y sigui\u00f3 una gran calma.<br>40 Despu\u00e9s les dijo: \u00ab\u00bfPor qu\u00e9 son tan miedosos? \u00bfTodav\u00eda no tienen fe?\u00bb<br>41 Pero ellos estaban muy asustados por lo ocurrido y se preguntaban unos a otros: \u00ab\u00bfQui\u00e9n es \u00e9ste, que hasta el viento y el mar le obedecen?\u00bb.<\/p>\n\n\n\n<p class=\"has-vivid-red-color has-text-color has-link-color wp-elements-21c5cd5272de054e869688caad08be9c\">Palabra del Se\u00f1or.<\/p>\n\n\n\n<p><\/p>\n","protected":false},"excerpt":{"rendered":"<p>\u201cCrucemos a la otra orilla\u201d&#8230;<br \/>\nMc 4, 35<\/p>\n","protected":false},"author":1,"featured_media":4014,"comment_status":"closed","ping_status":"closed","sticky":false,"template":"","format":"standard","meta":{"_et_pb_use_builder":"off","_et_pb_old_content":"","_et_gb_content_width":"1200","footnotes":""},"categories":[95],"tags":[],"class_list":["post-4013","post","type-post","status-publish","format-standard","has-post-thumbnail","hentry","category-evangelio-del-domingo"],"_links":{"self":[{"href":"https:\/\/franciscanas.org\/portal\/lamerica\/wp-json\/wp\/v2\/posts\/4013","targetHints":{"allow":["GET"]}}],"collection":[{"href":"https:\/\/franciscanas.org\/portal\/lamerica\/wp-json\/wp\/v2\/posts"}],"about":[{"href":"https:\/\/franciscanas.org\/portal\/lamerica\/wp-json\/wp\/v2\/types\/post"}],"author":[{"embeddable":true,"href":"https:\/\/franciscanas.org\/portal\/lamerica\/wp-json\/wp\/v2\/users\/1"}],"replies":[{"embeddable":true,"href":"https:\/\/franciscanas.org\/portal\/lamerica\/wp-json\/wp\/v2\/comments?post=4013"}],"version-history":[{"count":1,"href":"https:\/\/franciscanas.org\/portal\/lamerica\/wp-json\/wp\/v2\/posts\/4013\/revisions"}],"predecessor-version":[{"id":4015,"href":"https:\/\/franciscanas.org\/portal\/lamerica\/wp-json\/wp\/v2\/posts\/4013\/revisions\/4015"}],"wp:featuredmedia":[{"embeddable":true,"href":"https:\/\/franciscanas.org\/portal\/lamerica\/wp-json\/wp\/v2\/media\/4014"}],"wp:attachment":[{"href":"https:\/\/franciscanas.org\/portal\/lamerica\/wp-json\/wp\/v2\/media?parent=4013"}],"wp:term":[{"taxonomy":"category","embeddable":true,"href":"https:\/\/franciscanas.org\/portal\/lamerica\/wp-json\/wp\/v2\/categories?post=4013"},{"taxonomy":"post_tag","embeddable":true,"href":"https:\/\/franciscanas.org\/portal\/lamerica\/wp-json\/wp\/v2\/tags?post=4013"}],"curies":[{"name":"wp","href":"https:\/\/api.w.org\/{rel}","templated":true}]}}