{"id":4003,"date":"2024-06-14T20:30:00","date_gmt":"2024-06-15T01:30:00","guid":{"rendered":"https:\/\/franciscanas.org\/portal\/lamerica\/?p=4003"},"modified":"2024-06-14T19:57:27","modified_gmt":"2024-06-15T00:57:27","slug":"11er-domingo-del-tiempo-ordinario","status":"publish","type":"post","link":"https:\/\/franciscanas.org\/portal\/lamerica\/evangelio-del-domingo\/11er-domingo-del-tiempo-ordinario\/","title":{"rendered":"11er Domingo del Tiempo Ordinario"},"content":{"rendered":"\n<p class=\"has-vivid-red-color has-text-color has-link-color wp-elements-462199aaed0a464b050a9743b469bdde\"><strong>Evangelio de Marcos<\/strong> 4, 26-34<\/p>\n\n\n\n<p>26 Jes\u00fas dijo adem\u00e1s: \u00abEscuchen esta comparaci\u00f3n del Reino de Dios. Un hombre esparce la semilla en la tierra,<br>27 y ya duerma o est\u00e9 despierto, sea de noche o de d\u00eda, la semilla brota y crece, sin que \u00e9l sepa c\u00f3mo.<br>28 La tierra da fruto por s\u00ed misma: primero la hierba, luego la espiga, y por \u00faltimo la espiga se llena de granos.<br>29 Y cuando el grano est\u00e1 maduro, se le mete la hoz, pues ha llegado el tiempo de la cosecha.\u00bb<br>30 Jes\u00fas les dijo tambi\u00e9n: \u00ab\u00bfA qu\u00e9 se parece el Reino de Dios? \u00bfCon qu\u00e9 comparaci\u00f3n lo podr\u00edamos expresar?<br>31 Es semejante a una semilla de mostaza; al sembrarla, es la m\u00e1s peque\u00f1a de todas las semillas que se echan en la tierra,<br>32 pero una vez sembrada, crece y se hace m\u00e1s grande que todas las plantas del huerto y sus ramas se hacen tan grandes que los p\u00e1jaros del cielo buscan refugio bajo su sombra.\u00bb<br>33 Jes\u00fas usaba muchas par\u00e1bolas como \u00e9stas para anunciar la Palabra, adapt\u00e1ndose a la capacidad de la gente.<br>34 No les dec\u00eda nada sin usar par\u00e1bolas, pero a sus disc\u00edpulos se lo explicaba todo en privado.<\/p>\n\n\n\n<p class=\"has-vivid-red-color has-text-color has-link-color wp-elements-21c5cd5272de054e869688caad08be9c\">Palabra del Se\u00f1or.<\/p>\n\n\n\n<p><\/p>\n","protected":false},"excerpt":{"rendered":"<p>\u00bfA qu\u00e9 se parece el Reino de Dios? (Mc 4, 30).<\/p>\n","protected":false},"author":1,"featured_media":4004,"comment_status":"closed","ping_status":"closed","sticky":false,"template":"","format":"standard","meta":{"_et_pb_use_builder":"off","_et_pb_old_content":"","_et_gb_content_width":"1200","footnotes":""},"categories":[95],"tags":[],"class_list":["post-4003","post","type-post","status-publish","format-standard","has-post-thumbnail","hentry","category-evangelio-del-domingo"],"_links":{"self":[{"href":"https:\/\/franciscanas.org\/portal\/lamerica\/wp-json\/wp\/v2\/posts\/4003","targetHints":{"allow":["GET"]}}],"collection":[{"href":"https:\/\/franciscanas.org\/portal\/lamerica\/wp-json\/wp\/v2\/posts"}],"about":[{"href":"https:\/\/franciscanas.org\/portal\/lamerica\/wp-json\/wp\/v2\/types\/post"}],"author":[{"embeddable":true,"href":"https:\/\/franciscanas.org\/portal\/lamerica\/wp-json\/wp\/v2\/users\/1"}],"replies":[{"embeddable":true,"href":"https:\/\/franciscanas.org\/portal\/lamerica\/wp-json\/wp\/v2\/comments?post=4003"}],"version-history":[{"count":1,"href":"https:\/\/franciscanas.org\/portal\/lamerica\/wp-json\/wp\/v2\/posts\/4003\/revisions"}],"predecessor-version":[{"id":4005,"href":"https:\/\/franciscanas.org\/portal\/lamerica\/wp-json\/wp\/v2\/posts\/4003\/revisions\/4005"}],"wp:featuredmedia":[{"embeddable":true,"href":"https:\/\/franciscanas.org\/portal\/lamerica\/wp-json\/wp\/v2\/media\/4004"}],"wp:attachment":[{"href":"https:\/\/franciscanas.org\/portal\/lamerica\/wp-json\/wp\/v2\/media?parent=4003"}],"wp:term":[{"taxonomy":"category","embeddable":true,"href":"https:\/\/franciscanas.org\/portal\/lamerica\/wp-json\/wp\/v2\/categories?post=4003"},{"taxonomy":"post_tag","embeddable":true,"href":"https:\/\/franciscanas.org\/portal\/lamerica\/wp-json\/wp\/v2\/tags?post=4003"}],"curies":[{"name":"wp","href":"https:\/\/api.w.org\/{rel}","templated":true}]}}