{"id":3984,"date":"2024-06-07T20:30:00","date_gmt":"2024-06-08T01:30:00","guid":{"rendered":"https:\/\/franciscanas.org\/portal\/lamerica\/?p=3984"},"modified":"2024-06-08T20:30:04","modified_gmt":"2024-06-09T01:30:04","slug":"10o-domingo-del-tiempo-ordinario","status":"publish","type":"post","link":"https:\/\/franciscanas.org\/portal\/lamerica\/evangelio-del-domingo\/10o-domingo-del-tiempo-ordinario\/","title":{"rendered":"10\u00ba Domingo del Tiempo Ordinario"},"content":{"rendered":"\n<p class=\"has-vivid-red-color has-text-color has-link-color wp-elements-927b50adf0eacd9af11fa0e57dae2b96\"><strong>Evangelio de Marcos<\/strong> 3, 20-35<\/p>\n\n\n\n<p>En aqu\u00e9l tiempo,<br>20 Vuelto a casa, se junt\u00f3 otra vez tanta gente que ni siquiera pod\u00edan comer.<br>21 Al enterarse sus parientes de todo lo anterior, fueron a buscarlo para llev\u00e1rselo, pues de c\u00edan: Se ha vuelto loco.<br>22 Mientras tanto, unos maestros de la Ley que hab\u00edan venido de Jerusal\u00e9n dec\u00edan: \u00abEst\u00e1 pose\u00eddo por Beelzebul, jefe de los demonios, y con su ayuda expulsa a los demonios.\u00bb<br>23 Jes\u00fas les pidi\u00f3 que se acercaran y empez\u00f3 a ense\u00f1arles por medio de ejemplos:<br>24 \u00ab\u00bfC\u00f3mo puede Satan\u00e1s echar a Satan\u00e1s? Si una naci\u00f3n est\u00e1 con luchas internas, esa naci\u00f3n no podr\u00e1 mantenerse en pie.<br>25 Y si una familia est\u00e1 con divisiones internas, esa familia no podr\u00e1 subsistir.<br>26 De igual modo, si Satan\u00e1s lucha contra s\u00ed mismo y est\u00e1 dividido, no puede subsistir, y pronto llegar\u00e1 su fin.<br>27 La verdad es que nadie puede entrar en la casa del Fuerte y arrebatarle sus cosas si no lo amarra primero; entonces podr\u00e1 saquear su casa.<br>28 En verdad les digo: se les perdonar\u00e1 todo a los hombres, ya sean pecados o blasfemias contra Dios, por muchos que sean.<br>29 En cambio el que calumnie al Esp\u00edritu Santo, no tendr\u00e1 jam\u00e1s perd\u00f3n, pues se queda con un pecado que nunca lo dejar\u00e1.\u00bb<br>30 Y justamente \u00e9se era su pecado cuando dec\u00edan: Est\u00e1 pose\u00eddo por un esp\u00edritu malo.<br>31 Entonces llegaron su madre y sus hermanos, se quedaron afuera y lo mandaron a llamar.<br>32 Como era mucha la gente sentada en torno a Jes\u00fas, le transmitieron este recado: Tu madre, tus hermanos y tus hermanas est\u00e1n fuera y preguntan por ti.<br>33 \u00c9l les contest\u00f3: \u00bfQui\u00e9nes son mi madre y mis hermanos?<br>34 Y mirando a los que estaban sentados a su alrededor, dijo: \u00abEstos son mi madre y mis hermanos.<br>35 Porque todo el que hace la voluntad de Dios es hermano m\u00edo y hermana y madre.<\/p>\n\n\n\n<p class=\"has-vivid-red-color has-text-color has-link-color wp-elements-21c5cd5272de054e869688caad08be9c\">Palabra del Se\u00f1or.<\/p>\n\n\n\n<p><\/p>\n","protected":false},"excerpt":{"rendered":"<p>Si una naci\u00f3n est\u00e1 con luchas internas, esa naci\u00f3n no podr\u00e1 mantenerse en pie (Mc 3, 24).<\/p>\n","protected":false},"author":1,"featured_media":3985,"comment_status":"closed","ping_status":"closed","sticky":false,"template":"","format":"standard","meta":{"_et_pb_use_builder":"off","_et_pb_old_content":"","_et_gb_content_width":"1200","footnotes":""},"categories":[95],"tags":[],"class_list":["post-3984","post","type-post","status-publish","format-standard","has-post-thumbnail","hentry","category-evangelio-del-domingo"],"_links":{"self":[{"href":"https:\/\/franciscanas.org\/portal\/lamerica\/wp-json\/wp\/v2\/posts\/3984","targetHints":{"allow":["GET"]}}],"collection":[{"href":"https:\/\/franciscanas.org\/portal\/lamerica\/wp-json\/wp\/v2\/posts"}],"about":[{"href":"https:\/\/franciscanas.org\/portal\/lamerica\/wp-json\/wp\/v2\/types\/post"}],"author":[{"embeddable":true,"href":"https:\/\/franciscanas.org\/portal\/lamerica\/wp-json\/wp\/v2\/users\/1"}],"replies":[{"embeddable":true,"href":"https:\/\/franciscanas.org\/portal\/lamerica\/wp-json\/wp\/v2\/comments?post=3984"}],"version-history":[{"count":1,"href":"https:\/\/franciscanas.org\/portal\/lamerica\/wp-json\/wp\/v2\/posts\/3984\/revisions"}],"predecessor-version":[{"id":3986,"href":"https:\/\/franciscanas.org\/portal\/lamerica\/wp-json\/wp\/v2\/posts\/3984\/revisions\/3986"}],"wp:featuredmedia":[{"embeddable":true,"href":"https:\/\/franciscanas.org\/portal\/lamerica\/wp-json\/wp\/v2\/media\/3985"}],"wp:attachment":[{"href":"https:\/\/franciscanas.org\/portal\/lamerica\/wp-json\/wp\/v2\/media?parent=3984"}],"wp:term":[{"taxonomy":"category","embeddable":true,"href":"https:\/\/franciscanas.org\/portal\/lamerica\/wp-json\/wp\/v2\/categories?post=3984"},{"taxonomy":"post_tag","embeddable":true,"href":"https:\/\/franciscanas.org\/portal\/lamerica\/wp-json\/wp\/v2\/tags?post=3984"}],"curies":[{"name":"wp","href":"https:\/\/api.w.org\/{rel}","templated":true}]}}