{"id":3967,"date":"2024-05-31T12:30:00","date_gmt":"2024-05-31T17:30:00","guid":{"rendered":"https:\/\/franciscanas.org\/portal\/lamerica\/?p=3967"},"modified":"2024-05-31T12:50:48","modified_gmt":"2024-05-31T17:50:48","slug":"solenidad-del-cuerpo-y-la-sangre-de-cristo","status":"publish","type":"post","link":"https:\/\/franciscanas.org\/portal\/lamerica\/evangelio-del-domingo\/solenidad-del-cuerpo-y-la-sangre-de-cristo\/","title":{"rendered":"Solenidad del Cuerpo y la Sangre de Cristo"},"content":{"rendered":"\n<p class=\"has-vivid-red-color has-text-color has-link-color wp-elements-ee6d5585d5d33247876c50bfe4da365b\"><strong>Evangelio de Marcos<\/strong> 14,12-16.22-26<\/p>\n\n\n\n<p>12 El primer d\u00eda de la fiesta en que se comen los panes sin levadura, cuando se sacrificaba el Cordero Pascual, sus disc\u00edpulos le dijeron: \u00ab\u00bfD\u00f3nde quieres que vayamos a prepararte la Cena de la Pascua?\u00bb<br>13 Entonces Jes\u00fas mand\u00f3 a dos de sus disc\u00edpulos y les dijo: \u00abVayan a la ciudad, y les saldr\u00e1 al encuentro un hombre que lleva un c\u00e1ntaro de agua. S\u00edganlo<br>14 hasta la casa en que entre y digan al due\u00f1o: El Maestro dice: \u00bfD\u00f3nde est\u00e1 mi pieza, en que podr\u00e9 comer la Pascua con mis disc\u00edpulos?<br>15 El les mostrar\u00e1 en el piso superior una pieza grande, amueblada y ya lista. Preparen todo para nosotros.\u00bb<br>16 Los disc\u00edpulos se fueron, entraron en la ciudad, encontraron las cosas tal como Jes\u00fas les hab\u00eda dicho y prepararon la Pascua.<br>22 Durante la comida Jes\u00fas tom\u00f3 pan, y despu\u00e9s de pronunciar la bendici\u00f3n, lo parti\u00f3 y se lo dio diciendo: \u00abTomen, esto es mi cuerpo.\u00bb<br>23 Tom\u00f3 luego una copa, y despu\u00e9s de dar gracias, se la entreg\u00f3 y todos bebieron de ella.<br>24 Y les dijo: \u00abEsto es mi sangre, la sangre de la Alianza, que ser\u00e1 derramada por muchos.<br>25 En verdad les digo que no volver\u00e9 a probar el fruto de la vid hasta el d\u00eda en que lo beba nuevo en el Reino de Dios.\u00bb<br>26 Despu\u00e9s de cantar los himnos se dirigieron al monte de los Olivos.<\/p>\n\n\n\n<p class=\"has-vivid-red-color has-text-color has-link-color wp-elements-21c5cd5272de054e869688caad08be9c\">Palabra del Se\u00f1or.<\/p>\n\n\n\n<p><\/p>\n","protected":false},"excerpt":{"rendered":"<p>\u201cEsto es mi cuerpo&#8230; Esto es mi sangre&#8230;\u201d (Mc14, 23 &#8211; 24)<\/p>\n","protected":false},"author":1,"featured_media":3968,"comment_status":"closed","ping_status":"closed","sticky":false,"template":"","format":"standard","meta":{"_et_pb_use_builder":"off","_et_pb_old_content":"","_et_gb_content_width":"1200","footnotes":""},"categories":[95],"tags":[],"class_list":["post-3967","post","type-post","status-publish","format-standard","has-post-thumbnail","hentry","category-evangelio-del-domingo"],"_links":{"self":[{"href":"https:\/\/franciscanas.org\/portal\/lamerica\/wp-json\/wp\/v2\/posts\/3967","targetHints":{"allow":["GET"]}}],"collection":[{"href":"https:\/\/franciscanas.org\/portal\/lamerica\/wp-json\/wp\/v2\/posts"}],"about":[{"href":"https:\/\/franciscanas.org\/portal\/lamerica\/wp-json\/wp\/v2\/types\/post"}],"author":[{"embeddable":true,"href":"https:\/\/franciscanas.org\/portal\/lamerica\/wp-json\/wp\/v2\/users\/1"}],"replies":[{"embeddable":true,"href":"https:\/\/franciscanas.org\/portal\/lamerica\/wp-json\/wp\/v2\/comments?post=3967"}],"version-history":[{"count":1,"href":"https:\/\/franciscanas.org\/portal\/lamerica\/wp-json\/wp\/v2\/posts\/3967\/revisions"}],"predecessor-version":[{"id":3969,"href":"https:\/\/franciscanas.org\/portal\/lamerica\/wp-json\/wp\/v2\/posts\/3967\/revisions\/3969"}],"wp:featuredmedia":[{"embeddable":true,"href":"https:\/\/franciscanas.org\/portal\/lamerica\/wp-json\/wp\/v2\/media\/3968"}],"wp:attachment":[{"href":"https:\/\/franciscanas.org\/portal\/lamerica\/wp-json\/wp\/v2\/media?parent=3967"}],"wp:term":[{"taxonomy":"category","embeddable":true,"href":"https:\/\/franciscanas.org\/portal\/lamerica\/wp-json\/wp\/v2\/categories?post=3967"},{"taxonomy":"post_tag","embeddable":true,"href":"https:\/\/franciscanas.org\/portal\/lamerica\/wp-json\/wp\/v2\/tags?post=3967"}],"curies":[{"name":"wp","href":"https:\/\/api.w.org\/{rel}","templated":true}]}}