{"id":3963,"date":"2024-05-23T20:30:00","date_gmt":"2024-05-24T01:30:00","guid":{"rendered":"https:\/\/franciscanas.org\/portal\/lamerica\/?p=3963"},"modified":"2024-05-23T20:59:29","modified_gmt":"2024-05-24T01:59:29","slug":"santisima-trinidad-2","status":"publish","type":"post","link":"https:\/\/franciscanas.org\/portal\/lamerica\/evangelio-del-domingo\/santisima-trinidad-2\/","title":{"rendered":"Santisima Trinidad"},"content":{"rendered":"\n<p class=\"has-vivid-red-color has-text-color has-link-color wp-elements-2d8da27082ae300a18c4d2288709290a\"><strong>Evangelio de Mateo<\/strong> 28,16-20<\/p>\n\n\n\n<p class=\"has-black-color has-text-color has-link-color wp-elements-d6f1db504809e6e37f0aa65cd16153d7\">16 Por su parte, los Once disc\u00edpulos partieron para Galilea, al monte que Jes\u00fas les hab\u00eda indicado.<br>17 Cuando vieron a Jes\u00fas, se postraron ante \u00e9l, aunque algunos todav\u00eda dudaban.<br>18 Jes\u00fas se acerc\u00f3 y les habl\u00f3 as\u00ed: \u00abMe ha sido dada toda autoridad en el Cielo y en la tierra.<br>19 Vayan, pues, y hagan que todos los pueblos sean mis disc\u00edpulos. Baut\u00edcenlos en el Nombre del Padre y del Hijo y del Esp\u00edritu Santo,<br>20 y ens\u00e9\u00f1enles a cumplir todo lo que yo les he encomendado a ustedes. Yo estoy con ustedes todos los d\u00edas hasta el fin de la historia.\u00bb<\/p>\n\n\n\n<p class=\"has-vivid-red-color has-text-color has-link-color wp-elements-21c5cd5272de054e869688caad08be9c\">Palabra del Se\u00f1or.<\/p>\n","protected":false},"excerpt":{"rendered":"<p>Vayan, pues, y hagan que todos los pueblos sean mis disc\u00edpulos. Mt 28, 19<\/p>\n","protected":false},"author":1,"featured_media":3964,"comment_status":"closed","ping_status":"closed","sticky":false,"template":"","format":"standard","meta":{"_et_pb_use_builder":"off","_et_pb_old_content":"","_et_gb_content_width":"1200","footnotes":""},"categories":[95],"tags":[],"class_list":["post-3963","post","type-post","status-publish","format-standard","has-post-thumbnail","hentry","category-evangelio-del-domingo"],"_links":{"self":[{"href":"https:\/\/franciscanas.org\/portal\/lamerica\/wp-json\/wp\/v2\/posts\/3963","targetHints":{"allow":["GET"]}}],"collection":[{"href":"https:\/\/franciscanas.org\/portal\/lamerica\/wp-json\/wp\/v2\/posts"}],"about":[{"href":"https:\/\/franciscanas.org\/portal\/lamerica\/wp-json\/wp\/v2\/types\/post"}],"author":[{"embeddable":true,"href":"https:\/\/franciscanas.org\/portal\/lamerica\/wp-json\/wp\/v2\/users\/1"}],"replies":[{"embeddable":true,"href":"https:\/\/franciscanas.org\/portal\/lamerica\/wp-json\/wp\/v2\/comments?post=3963"}],"version-history":[{"count":1,"href":"https:\/\/franciscanas.org\/portal\/lamerica\/wp-json\/wp\/v2\/posts\/3963\/revisions"}],"predecessor-version":[{"id":3965,"href":"https:\/\/franciscanas.org\/portal\/lamerica\/wp-json\/wp\/v2\/posts\/3963\/revisions\/3965"}],"wp:featuredmedia":[{"embeddable":true,"href":"https:\/\/franciscanas.org\/portal\/lamerica\/wp-json\/wp\/v2\/media\/3964"}],"wp:attachment":[{"href":"https:\/\/franciscanas.org\/portal\/lamerica\/wp-json\/wp\/v2\/media?parent=3963"}],"wp:term":[{"taxonomy":"category","embeddable":true,"href":"https:\/\/franciscanas.org\/portal\/lamerica\/wp-json\/wp\/v2\/categories?post=3963"},{"taxonomy":"post_tag","embeddable":true,"href":"https:\/\/franciscanas.org\/portal\/lamerica\/wp-json\/wp\/v2\/tags?post=3963"}],"curies":[{"name":"wp","href":"https:\/\/api.w.org\/{rel}","templated":true}]}}