{"id":3918,"date":"2024-05-17T20:30:00","date_gmt":"2024-05-18T01:30:00","guid":{"rendered":"https:\/\/franciscanas.org\/portal\/lamerica\/?p=3918"},"modified":"2024-05-19T08:28:56","modified_gmt":"2024-05-19T13:28:56","slug":"fiesta-de-pentecostes","status":"publish","type":"post","link":"https:\/\/franciscanas.org\/portal\/lamerica\/evangelio-del-domingo\/fiesta-de-pentecostes\/","title":{"rendered":"Fiesta de Pentecost\u00e9s"},"content":{"rendered":"\n<p class=\"has-vivid-red-color has-text-color has-link-color wp-elements-58beb91612fb32c8bc8ad272f588c60e\"><strong>Evangelho de Juan<\/strong> (20, 19-23)<\/p>\n\n\n\n<p>19 Al anochecer de aquel d\u00eda, el primero de la semana, estaban los disc\u00edpulos en una casa, con las puertas cerradas por miedo a los jud\u00edos. Y en esto entr\u00f3 Jes\u00fas, se puso en medio y les dijo: \u00abPaz a vosotros\u00bb.<br>20 Y, diciendo esto, les ense\u00f1\u00f3 las manos y el costado. Y los disc\u00edpulos se llenaron de alegr\u00eda al ver al Se\u00f1or.<br>21 Jes\u00fas repiti\u00f3: \u00abPaz a vosotros. Como el Padre me ha enviado, as\u00ed tambi\u00e9n os env\u00edo yo\u00bb.<br>22 Y, dicho esto, sopl\u00f3 sobre ellos y les dijo: \u00abRecibid el Esp\u00edritu Santo;<br>23 a quienes les perdon\u00e9is los pecados, les quedan perdonados; a quienes se los reteng\u00e1is, les quedan retenidos\u00bb.<\/p>\n\n\n\n<p class=\"has-vivid-red-color has-text-color has-link-color wp-elements-21c5cd5272de054e869688caad08be9c\">Palabra del Se\u00f1or.<\/p>\n","protected":false},"excerpt":{"rendered":"<p>Los disc\u00edpulos se llenaron de alegr\u00eda al ver al Se\u00f1or (Jn 20, 20).<\/p>\n","protected":false},"author":1,"featured_media":3919,"comment_status":"closed","ping_status":"closed","sticky":false,"template":"","format":"standard","meta":{"_et_pb_use_builder":"off","_et_pb_old_content":"","_et_gb_content_width":"1200","footnotes":""},"categories":[95],"tags":[],"class_list":["post-3918","post","type-post","status-publish","format-standard","has-post-thumbnail","hentry","category-evangelio-del-domingo"],"_links":{"self":[{"href":"https:\/\/franciscanas.org\/portal\/lamerica\/wp-json\/wp\/v2\/posts\/3918","targetHints":{"allow":["GET"]}}],"collection":[{"href":"https:\/\/franciscanas.org\/portal\/lamerica\/wp-json\/wp\/v2\/posts"}],"about":[{"href":"https:\/\/franciscanas.org\/portal\/lamerica\/wp-json\/wp\/v2\/types\/post"}],"author":[{"embeddable":true,"href":"https:\/\/franciscanas.org\/portal\/lamerica\/wp-json\/wp\/v2\/users\/1"}],"replies":[{"embeddable":true,"href":"https:\/\/franciscanas.org\/portal\/lamerica\/wp-json\/wp\/v2\/comments?post=3918"}],"version-history":[{"count":2,"href":"https:\/\/franciscanas.org\/portal\/lamerica\/wp-json\/wp\/v2\/posts\/3918\/revisions"}],"predecessor-version":[{"id":3921,"href":"https:\/\/franciscanas.org\/portal\/lamerica\/wp-json\/wp\/v2\/posts\/3918\/revisions\/3921"}],"wp:featuredmedia":[{"embeddable":true,"href":"https:\/\/franciscanas.org\/portal\/lamerica\/wp-json\/wp\/v2\/media\/3919"}],"wp:attachment":[{"href":"https:\/\/franciscanas.org\/portal\/lamerica\/wp-json\/wp\/v2\/media?parent=3918"}],"wp:term":[{"taxonomy":"category","embeddable":true,"href":"https:\/\/franciscanas.org\/portal\/lamerica\/wp-json\/wp\/v2\/categories?post=3918"},{"taxonomy":"post_tag","embeddable":true,"href":"https:\/\/franciscanas.org\/portal\/lamerica\/wp-json\/wp\/v2\/tags?post=3918"}],"curies":[{"name":"wp","href":"https:\/\/api.w.org\/{rel}","templated":true}]}}