{"id":3882,"date":"2024-05-10T20:25:00","date_gmt":"2024-05-11T01:25:00","guid":{"rendered":"https:\/\/franciscanas.org\/portal\/lamerica\/?p=3882"},"modified":"2024-05-12T14:26:16","modified_gmt":"2024-05-12T19:26:16","slug":"solenidad-de-la-ascencion-del-senor","status":"publish","type":"post","link":"https:\/\/franciscanas.org\/portal\/lamerica\/evangelio-del-domingo\/solenidad-de-la-ascencion-del-senor\/","title":{"rendered":"Solenidad de la Ascenci\u00f3n del Se\u00f1or"},"content":{"rendered":"\n<p class=\"has-vivid-red-color has-text-color has-link-color wp-elements-127eb3208664d605b837f762b659a8ed\">Evengelio de Marcos 16,15-20<\/p>\n\n\n\n<p class=\"has-black-color has-text-color has-link-color wp-elements-92b3d9bb26be83b8f7cb4d1a8e7bbdb5\">En aquel tiempo, se acerc\u00f3 Jes\u00fas a los doce<br>15 Y les dijo: \u00abVayan por todo el mundo y anuncien la Buena Nueva a toda la creaci\u00f3n.<br>16 El que crea y se bautice, se salvar\u00e1; el que se niegue a creer ser\u00e1 condenado.<br>17 Estas se\u00f1ales acompa\u00f1ar\u00e1n a los que crean: en mi Nombre echar\u00e1n demonios y hablar\u00e1n nuevas lenguas;<br>18 tomar\u00e1n con sus manos serpientes y, si beben alg\u00fan veneno, no les har\u00e1 da\u00f1o; impondr\u00e1n las manos sobre los enfermos y quedar\u00e1n sanos.\u00bb<br>19 Despu\u00e9s de hablarles, el Se\u00f1or Jes\u00fas fue llevado al cielo y se sent\u00f3 a la derecha de Dios.<br>20 Ellos, por su parte, salieron a predicar en todos los lugares. El Se\u00f1or actuaba con ellos y confirmaba el mensaje con los milagros que los acompa\u00f1aban.<\/p>\n\n\n\n<p class=\"has-vivid-red-color has-text-color has-link-color wp-elements-21c5cd5272de054e869688caad08be9c\">Palabra del Se\u00f1or.<\/p>\n","protected":false},"excerpt":{"rendered":"<p>Vayan por todo el mundo y anuncien la Buena Nueva a toda la creaci\u00f3n.<br \/>\nMc 16, 15<\/p>\n","protected":false},"author":1,"featured_media":3883,"comment_status":"closed","ping_status":"closed","sticky":false,"template":"","format":"standard","meta":{"_et_pb_use_builder":"off","_et_pb_old_content":"","_et_gb_content_width":"1200","footnotes":""},"categories":[95],"tags":[],"class_list":["post-3882","post","type-post","status-publish","format-standard","has-post-thumbnail","hentry","category-evangelio-del-domingo"],"_links":{"self":[{"href":"https:\/\/franciscanas.org\/portal\/lamerica\/wp-json\/wp\/v2\/posts\/3882","targetHints":{"allow":["GET"]}}],"collection":[{"href":"https:\/\/franciscanas.org\/portal\/lamerica\/wp-json\/wp\/v2\/posts"}],"about":[{"href":"https:\/\/franciscanas.org\/portal\/lamerica\/wp-json\/wp\/v2\/types\/post"}],"author":[{"embeddable":true,"href":"https:\/\/franciscanas.org\/portal\/lamerica\/wp-json\/wp\/v2\/users\/1"}],"replies":[{"embeddable":true,"href":"https:\/\/franciscanas.org\/portal\/lamerica\/wp-json\/wp\/v2\/comments?post=3882"}],"version-history":[{"count":1,"href":"https:\/\/franciscanas.org\/portal\/lamerica\/wp-json\/wp\/v2\/posts\/3882\/revisions"}],"predecessor-version":[{"id":3884,"href":"https:\/\/franciscanas.org\/portal\/lamerica\/wp-json\/wp\/v2\/posts\/3882\/revisions\/3884"}],"wp:featuredmedia":[{"embeddable":true,"href":"https:\/\/franciscanas.org\/portal\/lamerica\/wp-json\/wp\/v2\/media\/3883"}],"wp:attachment":[{"href":"https:\/\/franciscanas.org\/portal\/lamerica\/wp-json\/wp\/v2\/media?parent=3882"}],"wp:term":[{"taxonomy":"category","embeddable":true,"href":"https:\/\/franciscanas.org\/portal\/lamerica\/wp-json\/wp\/v2\/categories?post=3882"},{"taxonomy":"post_tag","embeddable":true,"href":"https:\/\/franciscanas.org\/portal\/lamerica\/wp-json\/wp\/v2\/tags?post=3882"}],"curies":[{"name":"wp","href":"https:\/\/api.w.org\/{rel}","templated":true}]}}