{"id":3845,"date":"2024-05-03T20:30:00","date_gmt":"2024-05-04T01:30:00","guid":{"rendered":"https:\/\/franciscanas.org\/portal\/lamerica\/?p=3845"},"modified":"2024-05-15T13:18:08","modified_gmt":"2024-05-15T18:18:08","slug":"6o-domingo-de-pascua","status":"publish","type":"post","link":"https:\/\/franciscanas.org\/portal\/lamerica\/evangelio-del-domingo\/6o-domingo-de-pascua\/","title":{"rendered":"6\u00ba Domingo de Pascua"},"content":{"rendered":"\n<p class=\"has-vivid-red-color has-text-color has-link-color wp-elements-a6b05808f22dab14ba4a6b67f0f807de\"><strong>Evangelio de Juan 15, 9-17<\/strong><\/p>\n\n\n\n<p>En aquel tiempo, dijo Jes\u00fas a sus discipulos:<br>09 Como el Padre me am\u00f3, tambi\u00e9n yo los he amado a ustedes. Permanezcan en mi amor.<br>10 Si cumplen mis mandamientos, permanecer\u00e1n en mi amor. como yo cumpl\u00ed los mandamientos de mi Padre y permanezco en su amor.<br>11 Les he dicho esto para que mi gozo sea el de ustedes, y ese gozo sea perfecto.<br>12 Este es mi mandamiento: Amense los unos a los otros, como yo los he amado.<br>13 No hay amor m\u00e1s grande que dar la vida por los amigos.<br>14 Ustedes son mis amigos si hacen lo que yo les mando.<br>15 Ya no los llamo servidores, porque el servidor ignora lo que hace su se\u00f1or; yo los llamo amigos, porque les he dado a conocer todo lo que o\u00ed de mi Padre.<br>16 No son ustedes los que me eligieron a m\u00ed, sino yo el que los eleg\u00ed a ustedes, y los destin\u00e9 para que vayan y den fruto, y ese fruto sea duradero. As\u00ed todo lo que pidan al Padre en mi Nombre, \u00e9l se lo conceder\u00e1.<br>17 Lo que yo les mando es que se amen los unos a los otros.<\/p>\n\n\n\n<p class=\"has-vivid-red-color has-text-color has-link-color wp-elements-21c5cd5272de054e869688caad08be9c\">Palabra del Se\u00f1or.<\/p>\n","protected":false},"excerpt":{"rendered":"<p> Amense los unos a los otros, como yo los he amado. Jn 15, 12<\/p>\n","protected":false},"author":1,"featured_media":3903,"comment_status":"closed","ping_status":"closed","sticky":false,"template":"","format":"standard","meta":{"_et_pb_use_builder":"off","_et_pb_old_content":"","_et_gb_content_width":"1200","footnotes":""},"categories":[95],"tags":[],"class_list":["post-3845","post","type-post","status-publish","format-standard","has-post-thumbnail","hentry","category-evangelio-del-domingo"],"_links":{"self":[{"href":"https:\/\/franciscanas.org\/portal\/lamerica\/wp-json\/wp\/v2\/posts\/3845","targetHints":{"allow":["GET"]}}],"collection":[{"href":"https:\/\/franciscanas.org\/portal\/lamerica\/wp-json\/wp\/v2\/posts"}],"about":[{"href":"https:\/\/franciscanas.org\/portal\/lamerica\/wp-json\/wp\/v2\/types\/post"}],"author":[{"embeddable":true,"href":"https:\/\/franciscanas.org\/portal\/lamerica\/wp-json\/wp\/v2\/users\/1"}],"replies":[{"embeddable":true,"href":"https:\/\/franciscanas.org\/portal\/lamerica\/wp-json\/wp\/v2\/comments?post=3845"}],"version-history":[{"count":1,"href":"https:\/\/franciscanas.org\/portal\/lamerica\/wp-json\/wp\/v2\/posts\/3845\/revisions"}],"predecessor-version":[{"id":3847,"href":"https:\/\/franciscanas.org\/portal\/lamerica\/wp-json\/wp\/v2\/posts\/3845\/revisions\/3847"}],"wp:featuredmedia":[{"embeddable":true,"href":"https:\/\/franciscanas.org\/portal\/lamerica\/wp-json\/wp\/v2\/media\/3903"}],"wp:attachment":[{"href":"https:\/\/franciscanas.org\/portal\/lamerica\/wp-json\/wp\/v2\/media?parent=3845"}],"wp:term":[{"taxonomy":"category","embeddable":true,"href":"https:\/\/franciscanas.org\/portal\/lamerica\/wp-json\/wp\/v2\/categories?post=3845"},{"taxonomy":"post_tag","embeddable":true,"href":"https:\/\/franciscanas.org\/portal\/lamerica\/wp-json\/wp\/v2\/tags?post=3845"}],"curies":[{"name":"wp","href":"https:\/\/api.w.org\/{rel}","templated":true}]}}