{"id":3717,"date":"2024-04-19T20:30:00","date_gmt":"2024-04-20T01:30:00","guid":{"rendered":"https:\/\/franciscanas.org\/portal\/lamerica\/?p=3717"},"modified":"2024-04-21T12:09:11","modified_gmt":"2024-04-21T17:09:11","slug":"4o-domingo-de-pascua","status":"publish","type":"post","link":"https:\/\/franciscanas.org\/portal\/lamerica\/evangelio-del-domingo\/4o-domingo-de-pascua\/","title":{"rendered":"4\u00ba Domingo de Pascua"},"content":{"rendered":"\n<p class=\"has-vivid-red-color has-text-color\"><strong>Evangelio de Juan<\/strong>  (10, 11-18)<\/p>\n\n\n\n<p>En aquel tiempo, dijo Jesus:<br>11 Yo soy el buen Pastor. El buen Pastor da su vida por las ovejas.<br>12 El asalariado, en cambio, que no es el pastor y al que no pertenecen las ovejas, cuando ve venir al lobo las abandona y huye. y el lobo las arrebata y la dispersa.<br>13 Como es asalariado, no se preocupa por las ovejas.<br>14 Yo soy el buen Pastor: conozco a mis ovejas, y mis ovejas me conocen a m\u00ed<br>15 ?como el Padre me conoce a m\u00ed y yo conozco al Padre? y doy mi vida por las ovejas.<br>16 Tengo, adem\u00e1s, otras ovejas que no son de este corral y a las que debo tambi\u00e9n conducir: ellas oir\u00e1n mi voz, y as\u00ed habr\u00e1 un solo Reba\u00f1o y un solo Pastor.<br>17 El Padre me ama porque yo doy mi vida para recobrarla.<br>18 Nadie me la quita, sino que la doy por m\u00ed mismo. Tengo el poder de darla y de recobrarla: este es el mandato que recib\u00ed de mi Padre\u00bb.<\/p>\n\n\n\n<p class=\"has-vivid-red-color has-text-color\">Palabra del Se\u00f1or.<\/p>\n","protected":false},"excerpt":{"rendered":"<p> El Padre me ama porque yo doy mi vida&#8230; Jn 10, 17<\/p>\n","protected":false},"author":1,"featured_media":3737,"comment_status":"closed","ping_status":"closed","sticky":false,"template":"","format":"standard","meta":{"_et_pb_use_builder":"off","_et_pb_old_content":"","_et_gb_content_width":"1200","footnotes":""},"categories":[95],"tags":[],"class_list":["post-3717","post","type-post","status-publish","format-standard","has-post-thumbnail","hentry","category-evangelio-del-domingo"],"_links":{"self":[{"href":"https:\/\/franciscanas.org\/portal\/lamerica\/wp-json\/wp\/v2\/posts\/3717","targetHints":{"allow":["GET"]}}],"collection":[{"href":"https:\/\/franciscanas.org\/portal\/lamerica\/wp-json\/wp\/v2\/posts"}],"about":[{"href":"https:\/\/franciscanas.org\/portal\/lamerica\/wp-json\/wp\/v2\/types\/post"}],"author":[{"embeddable":true,"href":"https:\/\/franciscanas.org\/portal\/lamerica\/wp-json\/wp\/v2\/users\/1"}],"replies":[{"embeddable":true,"href":"https:\/\/franciscanas.org\/portal\/lamerica\/wp-json\/wp\/v2\/comments?post=3717"}],"version-history":[{"count":2,"href":"https:\/\/franciscanas.org\/portal\/lamerica\/wp-json\/wp\/v2\/posts\/3717\/revisions"}],"predecessor-version":[{"id":3738,"href":"https:\/\/franciscanas.org\/portal\/lamerica\/wp-json\/wp\/v2\/posts\/3717\/revisions\/3738"}],"wp:featuredmedia":[{"embeddable":true,"href":"https:\/\/franciscanas.org\/portal\/lamerica\/wp-json\/wp\/v2\/media\/3737"}],"wp:attachment":[{"href":"https:\/\/franciscanas.org\/portal\/lamerica\/wp-json\/wp\/v2\/media?parent=3717"}],"wp:term":[{"taxonomy":"category","embeddable":true,"href":"https:\/\/franciscanas.org\/portal\/lamerica\/wp-json\/wp\/v2\/categories?post=3717"},{"taxonomy":"post_tag","embeddable":true,"href":"https:\/\/franciscanas.org\/portal\/lamerica\/wp-json\/wp\/v2\/tags?post=3717"}],"curies":[{"name":"wp","href":"https:\/\/api.w.org\/{rel}","templated":true}]}}