{"id":3714,"date":"2024-04-10T12:08:57","date_gmt":"2024-04-10T17:08:57","guid":{"rendered":"https:\/\/franciscanas.org\/portal\/lamerica\/?p=3714"},"modified":"2024-04-21T12:10:04","modified_gmt":"2024-04-21T17:10:04","slug":"3er-domingo-de-pascua","status":"publish","type":"post","link":"https:\/\/franciscanas.org\/portal\/lamerica\/evangelio-del-domingo\/3er-domingo-de-pascua\/","title":{"rendered":"3er Domingo de Pascua"},"content":{"rendered":"\n<p class=\"has-vivid-red-color has-text-color\"><strong>Evangelio de Lucas (24, 35-48<\/strong>)<\/p>\n\n\n\n<p>En aquel tiempo,<br>35 los discipulos de Jesus contaron lo sucedido en el camino y c\u00f3mo lo hab\u00edan reconocido al partir el pan.<br>36 Mientras estaban hablando de todo esto, Jes\u00fas se present\u00f3 en medio de ellos y les dijo: \u00abPaz a ustedes.\u00bb<br>37 Quedaron at\u00f3nitos y asustados, pensando que ve\u00edan alg\u00fan esp\u00edritu,<br>38 pero \u00e9l les dijo: \u00ab\u00bfPor qu\u00e9 se desconciertan? \u00bfC\u00f3mo se les ocurre pensar eso?<br>39 Miren mis manos y mis pies: soy yo. T\u00f3quenme y f\u00edjense bien que un esp\u00edritu no tiene carne ni huesos, como ustedes ven que yo tengo.\u00bb<br>40 Y dicho esto les mostr\u00f3 las manos y los pies.<br>41 Y como no acababan de creerlo por su gran alegr\u00eda y segu\u00edan maravillados, les dijo: \u00ab\u00bfTienen aqu\u00ed algo que comer?\u00bb<br>42 Ellos, entonces, le ofrecieron un pedazo de pescado asado y una porci\u00f3n de miel;<br>43 lo tom\u00f3 y lo comi\u00f3 delante ellos.<br>44 Jes\u00fas les dijo: \u00abTodo esto se lo hab\u00eda dicho cuando estaba todav\u00eda con ustedes; ten\u00eda que cumplirse todo lo que est\u00e1 escrito en la Ley de Mois\u00e9s, en los Profetas y en los Salmos referente a m\u00ed\u00bb.<br>45 Entonces les abri\u00f3 la mente para que entendieran las Escrituras.<br>46 Les dijo: \u00abTodo esto estaba escrito: los padecimientos del Mes\u00edas y su resurrecci\u00f3n de entre los muertos al tercer d\u00eda.<br>47 Luego debe proclamarse en su nombre el arrepentimiento y el perd\u00f3n de los pecados, comenzando por Jerusal\u00e9n, y yendo despu\u00e9s a todas las naciones, invit\u00e1ndolas a que se conviertan.<br>48 Ustedes son testigos de todo esto.<\/p>\n\n\n\n<p class=\"has-vivid-red-color has-text-color\">Palabra de Dios.<\/p>\n\n\n\n<p><\/p>\n","protected":false},"excerpt":{"rendered":"<p>Miren mis manos y mis pies: soy yo.<br \/>\n(Lc 24, 39)<\/p>\n","protected":false},"author":1,"featured_media":3715,"comment_status":"closed","ping_status":"closed","sticky":false,"template":"","format":"standard","meta":{"_et_pb_use_builder":"","_et_pb_old_content":"","_et_gb_content_width":"1200","footnotes":""},"categories":[95],"tags":[],"class_list":["post-3714","post","type-post","status-publish","format-standard","has-post-thumbnail","hentry","category-evangelio-del-domingo"],"_links":{"self":[{"href":"https:\/\/franciscanas.org\/portal\/lamerica\/wp-json\/wp\/v2\/posts\/3714","targetHints":{"allow":["GET"]}}],"collection":[{"href":"https:\/\/franciscanas.org\/portal\/lamerica\/wp-json\/wp\/v2\/posts"}],"about":[{"href":"https:\/\/franciscanas.org\/portal\/lamerica\/wp-json\/wp\/v2\/types\/post"}],"author":[{"embeddable":true,"href":"https:\/\/franciscanas.org\/portal\/lamerica\/wp-json\/wp\/v2\/users\/1"}],"replies":[{"embeddable":true,"href":"https:\/\/franciscanas.org\/portal\/lamerica\/wp-json\/wp\/v2\/comments?post=3714"}],"version-history":[{"count":1,"href":"https:\/\/franciscanas.org\/portal\/lamerica\/wp-json\/wp\/v2\/posts\/3714\/revisions"}],"predecessor-version":[{"id":3716,"href":"https:\/\/franciscanas.org\/portal\/lamerica\/wp-json\/wp\/v2\/posts\/3714\/revisions\/3716"}],"wp:featuredmedia":[{"embeddable":true,"href":"https:\/\/franciscanas.org\/portal\/lamerica\/wp-json\/wp\/v2\/media\/3715"}],"wp:attachment":[{"href":"https:\/\/franciscanas.org\/portal\/lamerica\/wp-json\/wp\/v2\/media?parent=3714"}],"wp:term":[{"taxonomy":"category","embeddable":true,"href":"https:\/\/franciscanas.org\/portal\/lamerica\/wp-json\/wp\/v2\/categories?post=3714"},{"taxonomy":"post_tag","embeddable":true,"href":"https:\/\/franciscanas.org\/portal\/lamerica\/wp-json\/wp\/v2\/tags?post=3714"}],"curies":[{"name":"wp","href":"https:\/\/api.w.org\/{rel}","templated":true}]}}