{"id":3707,"date":"2024-04-05T20:30:00","date_gmt":"2024-04-06T01:30:00","guid":{"rendered":"https:\/\/franciscanas.org\/portal\/lamerica\/?p=3707"},"modified":"2024-04-06T14:10:43","modified_gmt":"2024-04-06T19:10:43","slug":"2o-domingo-de-pascua","status":"publish","type":"post","link":"https:\/\/franciscanas.org\/portal\/lamerica\/evangelio-del-domingo\/2o-domingo-de-pascua\/","title":{"rendered":"2o Domingo de Pascua"},"content":{"rendered":"\n<p class=\"has-vivid-red-color has-text-color\"><strong>Evangelio de Juan (20, 19-31)<\/strong><\/p>\n\n\n\n<p>19 Al atardecer de ese mismo d\u00eda, el primero de la semana, estando cerradas las puertas del lugar donde se encontraban los disc\u00edpulos, por temor a los jud\u00edos, lleg\u00f3 Jes\u00fas y poni\u00e9ndose en medio de ellos, les dijo: \u00ab\u00a1La paz est\u00e9 con ustedes!\u00bb.<br>20 Mientras dec\u00eda esto, les mostr\u00f3 sus manos y su costado. Los disc\u00edpulos se llenaron de alegr\u00eda cuando vieron al Se\u00f1or.<br>21 Jes\u00fas les dijo de nuevo: \u00ab\u00a1La paz est\u00e9 con ustedes! Como el Padre me envi\u00f3 a m\u00ed, yo tambi\u00e9n los env\u00edo a ustedes\u00bb<br>22 Al decirles esto, sopl\u00f3 sobre ellos y a\u00f1adi\u00f3 \u00abReciban al Esp\u00edritu Santo.<br>23 Los pecados ser\u00e1n perdonados a los que ustedes se los perdonen, y ser\u00e1n retenidos a los que ustedes se los retengan\u00bb.<br>24 Tom\u00e1s, uno de los Doce, de sobrenombre el Mellizo, no estaba con ellos cuando lleg\u00f3 Jes\u00fas.<br>25 Los otros disc\u00edpulos le dijeron: \u00ab\u00a1Hemos visto al Se\u00f1or!\u00bb. El les respondi\u00f3: \u00abSi no veo la marca de los clavos en sus manos, si no pongo el dedo en el lugar de los clavos y la mano en su costado, no lo creer\u00e9\u00bb.<br>26 Ocho d\u00edas m\u00e1s tarde, estaban de nuevo los disc\u00edpulos reunidos en la casa, y estaba con ellos Tom\u00e1s. Entonces apareci\u00f3 Jes\u00fas, estando cerradas las puertas, se puso en medio de ellos y les dijo: \u00ab\u00a1La paz est\u00e9 con ustedes!\u00bb.<br>27 Luego dijo a Tom\u00e1s: \u00abTrae aqu\u00ed tu dedo: aqu\u00ed est\u00e1n mis manos. Acerca tu mano: M\u00e9tela en mi costado. En adelante no seas incr\u00e9dulo, sino hombre de fe\u00bb.<br>28Tomas respondi\u00f3: \u00ab\u00a1Se\u00f1or m\u00edo y Dios m\u00edo!\u00bb.<br>29 Jes\u00fas le dijo: \u00abAhora crees, porque me has visto. \u00a1Felices los que creen sin haber visto!\u00bb.<br>30 Jes\u00fas realiz\u00f3 adem\u00e1s muchos otros signos en presencia de sus disc\u00edpulos, que no se encuentran relatados en este Libro.<br>31 Estos han sido escritos para que ustedes crean que Jes\u00fas es el Mes\u00edas, el Hijo de Dios, y creyendo, tengan Vida en su Nombre.<\/p>\n\n\n\n<p class=\"has-vivid-red-color has-text-color\">Palabra del Se\u00f1or.<\/p>\n","protected":false},"excerpt":{"rendered":"<p>Como el Padre me envi\u00f3 a m\u00ed, yo tambi\u00e9n los env\u00edo a ustedes<br \/>\n(Jn 20, 21).<\/p>\n","protected":false},"author":1,"featured_media":3711,"comment_status":"closed","ping_status":"closed","sticky":false,"template":"","format":"standard","meta":{"_et_pb_use_builder":"off","_et_pb_old_content":"","_et_gb_content_width":"1200","footnotes":""},"categories":[95],"tags":[],"class_list":["post-3707","post","type-post","status-publish","format-standard","has-post-thumbnail","hentry","category-evangelio-del-domingo"],"_links":{"self":[{"href":"https:\/\/franciscanas.org\/portal\/lamerica\/wp-json\/wp\/v2\/posts\/3707","targetHints":{"allow":["GET"]}}],"collection":[{"href":"https:\/\/franciscanas.org\/portal\/lamerica\/wp-json\/wp\/v2\/posts"}],"about":[{"href":"https:\/\/franciscanas.org\/portal\/lamerica\/wp-json\/wp\/v2\/types\/post"}],"author":[{"embeddable":true,"href":"https:\/\/franciscanas.org\/portal\/lamerica\/wp-json\/wp\/v2\/users\/1"}],"replies":[{"embeddable":true,"href":"https:\/\/franciscanas.org\/portal\/lamerica\/wp-json\/wp\/v2\/comments?post=3707"}],"version-history":[{"count":2,"href":"https:\/\/franciscanas.org\/portal\/lamerica\/wp-json\/wp\/v2\/posts\/3707\/revisions"}],"predecessor-version":[{"id":3710,"href":"https:\/\/franciscanas.org\/portal\/lamerica\/wp-json\/wp\/v2\/posts\/3707\/revisions\/3710"}],"wp:featuredmedia":[{"embeddable":true,"href":"https:\/\/franciscanas.org\/portal\/lamerica\/wp-json\/wp\/v2\/media\/3711"}],"wp:attachment":[{"href":"https:\/\/franciscanas.org\/portal\/lamerica\/wp-json\/wp\/v2\/media?parent=3707"}],"wp:term":[{"taxonomy":"category","embeddable":true,"href":"https:\/\/franciscanas.org\/portal\/lamerica\/wp-json\/wp\/v2\/categories?post=3707"},{"taxonomy":"post_tag","embeddable":true,"href":"https:\/\/franciscanas.org\/portal\/lamerica\/wp-json\/wp\/v2\/tags?post=3707"}],"curies":[{"name":"wp","href":"https:\/\/api.w.org\/{rel}","templated":true}]}}