{"id":3603,"date":"2024-03-29T08:30:00","date_gmt":"2024-03-29T13:30:00","guid":{"rendered":"https:\/\/franciscanas.org\/portal\/lamerica\/?p=3603"},"modified":"2024-03-30T15:31:40","modified_gmt":"2024-03-30T20:31:40","slug":"resurreccion-del-senor","status":"publish","type":"post","link":"https:\/\/franciscanas.org\/portal\/lamerica\/evangelio-del-domingo\/resurreccion-del-senor\/","title":{"rendered":"Resurrecci\u00f3n del Se\u00f1or"},"content":{"rendered":"\n<p class=\"has-vivid-red-color has-text-color\"><strong>Evangelio de Juan <\/strong>20, 1-9<\/p>\n\n\n\n<p>1 El primer d\u00eda de la semana, de madrugada, cuando todav\u00eda estaba oscuro, Mar\u00eda Magdalena fue al sepulcro y vio que la piedra hab\u00eda sido sacada.<br>2 Corri\u00f3 al encuentro de Sim\u00f3n Pedro y del otro disc\u00edpulo al que Jes\u00fas amaba, y les dijo: \u00abSe han llevado del sepulcro al Se\u00f1or y no sabemos d\u00f3nde lo han puesto\u00bb.<br>3 Pedro y el otro disc\u00edpulo salieron y fueron al sepulcro.<br>4 Corr\u00edan los dos juntos, pero el otro disc\u00edpulo corri\u00f3 m\u00e1s r\u00e1pidamente que Pedro y lleg\u00f3 antes.<br>5 Asom\u00e1ndose al sepulcro, vio las vendas en el suelo, aunque no entr\u00f3.<br>6 Despu\u00e9s lleg\u00f3 Sim\u00f3n Pedro, que lo segu\u00eda, y entr\u00f3 en el sepulcro; vio las vendas en el suelo,<br>7 y tambi\u00e9n el sudario que hab\u00eda cubierto su cabeza; este no estaba con las vendas, sino enrollado en un lugar aparte.<br>8 Luego entr\u00f3 el otro disc\u00edpulo, que hab\u00eda llegado antes al sepulcro: \u00e9l tambi\u00e9n vio y crey\u00f3.<br>9 Todav\u00eda no hab\u00edan comprendido que, seg\u00fan la Escritura, \u00e9l deb\u00eda resucitar de entre los muertos.<\/p>\n\n\n\n<p class=\"has-vivid-red-color has-text-color\">Palabra del Se\u00f1or.<\/p>\n\n\n\n<p><\/p>\n","protected":false},"excerpt":{"rendered":"<p>&#8230;vio que la piedra hab\u00eda sido sacada<br \/>\n(Jn 20,1)<\/p>\n","protected":false},"author":1,"featured_media":3698,"comment_status":"closed","ping_status":"closed","sticky":false,"template":"","format":"standard","meta":{"_et_pb_use_builder":"off","_et_pb_old_content":"","_et_gb_content_width":"1200","footnotes":""},"categories":[95],"tags":[],"class_list":["post-3603","post","type-post","status-publish","format-standard","has-post-thumbnail","hentry","category-evangelio-del-domingo"],"_links":{"self":[{"href":"https:\/\/franciscanas.org\/portal\/lamerica\/wp-json\/wp\/v2\/posts\/3603","targetHints":{"allow":["GET"]}}],"collection":[{"href":"https:\/\/franciscanas.org\/portal\/lamerica\/wp-json\/wp\/v2\/posts"}],"about":[{"href":"https:\/\/franciscanas.org\/portal\/lamerica\/wp-json\/wp\/v2\/types\/post"}],"author":[{"embeddable":true,"href":"https:\/\/franciscanas.org\/portal\/lamerica\/wp-json\/wp\/v2\/users\/1"}],"replies":[{"embeddable":true,"href":"https:\/\/franciscanas.org\/portal\/lamerica\/wp-json\/wp\/v2\/comments?post=3603"}],"version-history":[{"count":3,"href":"https:\/\/franciscanas.org\/portal\/lamerica\/wp-json\/wp\/v2\/posts\/3603\/revisions"}],"predecessor-version":[{"id":3696,"href":"https:\/\/franciscanas.org\/portal\/lamerica\/wp-json\/wp\/v2\/posts\/3603\/revisions\/3696"}],"wp:featuredmedia":[{"embeddable":true,"href":"https:\/\/franciscanas.org\/portal\/lamerica\/wp-json\/wp\/v2\/media\/3698"}],"wp:attachment":[{"href":"https:\/\/franciscanas.org\/portal\/lamerica\/wp-json\/wp\/v2\/media?parent=3603"}],"wp:term":[{"taxonomy":"category","embeddable":true,"href":"https:\/\/franciscanas.org\/portal\/lamerica\/wp-json\/wp\/v2\/categories?post=3603"},{"taxonomy":"post_tag","embeddable":true,"href":"https:\/\/franciscanas.org\/portal\/lamerica\/wp-json\/wp\/v2\/tags?post=3603"}],"curies":[{"name":"wp","href":"https:\/\/api.w.org\/{rel}","templated":true}]}}