{"id":3601,"date":"2024-03-22T20:30:00","date_gmt":"2024-03-23T01:30:00","guid":{"rendered":"https:\/\/franciscanas.org\/portal\/lamerica\/?p=3601"},"modified":"2024-03-20T14:58:53","modified_gmt":"2024-03-20T19:58:53","slug":"domingo-de-ramos","status":"publish","type":"post","link":"https:\/\/franciscanas.org\/portal\/lamerica\/evangelio-del-domingo\/domingo-de-ramos\/","title":{"rendered":"Domingo de Ramos"},"content":{"rendered":"\n<p class=\"has-vivid-red-color has-text-color\"><strong>Evangelio de  Marcos<\/strong> 11, 1-10<\/p>\n\n\n\n<p>01 Cuando se aproximaban a Jerusal\u00e9n, cerca ya de Betfag\u00e9 y de Betania, al pie del monte de los Olivos, Jes\u00fas envi\u00f3 a dos de sus disc\u00edpulos<br>02 dici\u00e9ndoles: \u00abVayan a ese pueblo que ven enfrente; apenas entren encontrar\u00e1n un burro amarrado, que ning\u00fan hombre ha montado todav\u00eda. Des\u00e1tenlo y tr\u00e1iganlo aqu\u00ed.<br>03 Si alguien les pregunta: \u00bfPor qu\u00e9 hacen eso?, contesten: El Se\u00f1or lo necesita, pero se lo devolver\u00e1 cuanto antes.\u00bb<br>04 Se fueron y encontraron en la calle al burro, amarrado delante de una puerta, y lo desataron.<br>05 Algunos de los que estaban all\u00ed les dijeron: \u00ab\u00bfPor qu\u00e9 sueltan ese burro?\u00bb<br>06 Ellos les contestaron lo que les hab\u00eda dicho Jes\u00fas, y se lo permitieron.<br>07 Trajeron el burro a Jes\u00fas, le pusieron sus capas encima y Jes\u00fas mont\u00f3 en \u00e9l.<br>08 Muchas personas extend\u00edan sus capas a lo largo del camino, mientras otras lo cubr\u00edan con ramas cortadas en el campo.<br>09 Y tanto los que iban delante como los que segu\u00edan a Jes\u00fas gritaban: \u00ab\u00a1Hosanna! \u00a1Bendito el que viene en nombre del Se\u00f1or!<br>10 \u00a1Ah\u00ed viene el bendito reino de nuestro padre David! \u00a1Hosanna en las alturas!\u00bb<\/p>\n\n\n\n<p class=\"has-vivid-red-color has-text-color\">Palabra del Se\u00f1or<\/p>\n","protected":false},"excerpt":{"rendered":"<p>Muchas personas extend\u00edan sus capas a lo largo del camino&#8230;<br \/>\n(Mc 11, 8)<\/p>\n","protected":false},"author":1,"featured_media":3634,"comment_status":"closed","ping_status":"closed","sticky":false,"template":"","format":"standard","meta":{"_et_pb_use_builder":"off","_et_pb_old_content":"","_et_gb_content_width":"1200","footnotes":""},"categories":[95],"tags":[],"class_list":["post-3601","post","type-post","status-publish","format-standard","has-post-thumbnail","hentry","category-evangelio-del-domingo"],"_links":{"self":[{"href":"https:\/\/franciscanas.org\/portal\/lamerica\/wp-json\/wp\/v2\/posts\/3601","targetHints":{"allow":["GET"]}}],"collection":[{"href":"https:\/\/franciscanas.org\/portal\/lamerica\/wp-json\/wp\/v2\/posts"}],"about":[{"href":"https:\/\/franciscanas.org\/portal\/lamerica\/wp-json\/wp\/v2\/types\/post"}],"author":[{"embeddable":true,"href":"https:\/\/franciscanas.org\/portal\/lamerica\/wp-json\/wp\/v2\/users\/1"}],"replies":[{"embeddable":true,"href":"https:\/\/franciscanas.org\/portal\/lamerica\/wp-json\/wp\/v2\/comments?post=3601"}],"version-history":[{"count":1,"href":"https:\/\/franciscanas.org\/portal\/lamerica\/wp-json\/wp\/v2\/posts\/3601\/revisions"}],"predecessor-version":[{"id":3602,"href":"https:\/\/franciscanas.org\/portal\/lamerica\/wp-json\/wp\/v2\/posts\/3601\/revisions\/3602"}],"wp:featuredmedia":[{"embeddable":true,"href":"https:\/\/franciscanas.org\/portal\/lamerica\/wp-json\/wp\/v2\/media\/3634"}],"wp:attachment":[{"href":"https:\/\/franciscanas.org\/portal\/lamerica\/wp-json\/wp\/v2\/media?parent=3601"}],"wp:term":[{"taxonomy":"category","embeddable":true,"href":"https:\/\/franciscanas.org\/portal\/lamerica\/wp-json\/wp\/v2\/categories?post=3601"},{"taxonomy":"post_tag","embeddable":true,"href":"https:\/\/franciscanas.org\/portal\/lamerica\/wp-json\/wp\/v2\/tags?post=3601"}],"curies":[{"name":"wp","href":"https:\/\/api.w.org\/{rel}","templated":true}]}}