{"id":3596,"date":"2024-03-15T20:30:00","date_gmt":"2024-03-16T01:30:00","guid":{"rendered":"https:\/\/franciscanas.org\/portal\/lamerica\/?p=3596"},"modified":"2024-03-12T19:37:15","modified_gmt":"2024-03-13T00:37:15","slug":"5o-domingo-de-cuaresma","status":"publish","type":"post","link":"https:\/\/franciscanas.org\/portal\/lamerica\/evangelio-del-domingo\/5o-domingo-de-cuaresma\/","title":{"rendered":"5\u00ba Domingo de Cuaresma"},"content":{"rendered":"\n<p class=\"has-vivid-red-color has-text-color\"><strong>Evangelio de Juan<\/strong> 12, 20 &#8211; 33<\/p>\n\n\n\n<p>20 Entre los que hab\u00eda subido para adorar durante la fiesta, hab\u00eda unos griegos<br>21 que se acercaron a Felipe, el de Betsaida de Galilea, y le dijeron: \u00abSe\u00f1or, queremos ver a Jes\u00fas\u00bb.<br>22 Felipe fue a dec\u00edrselo a Andr\u00e9s, y ambos se lo dijeron a Jes\u00fas.<br>23 El les respondi\u00f3: \u00abHa llegado la hora en que el Hijo del hombre va a ser glorificado.<br>24 Les aseguro que si el grano de trigo que cae en la tierra no muere, queda solo; pero si muere, da mucho fruto.<br>25 El que tiene apego a su vida la perder\u00e1; y el que no est\u00e1 apegado a su vida en este mundo, la conservar\u00e1 para la Vida eterna.<br>26 El que quiera servirme que me siga, y donde yo est\u00e9, estar\u00e1 tambi\u00e9n mi servidor. El que quiera servirme, ser\u00e1 honrado por mi Padre.<br>27 Mi alma ahora est\u00e1 turbada, \u00bfY qu\u00e9 dir\u00e9: \u00abPadre, l\u00edbrame de esta hora? \u00a1S\u00ed, para eso he llegado a esta hora!<br>28 \u00a1Padre, glorifica tu Nombre!\u00bb. Entonces se oy\u00f3 una voz del cielo: \u00abYa lo he glorificado y lo volver\u00e9 a glorificar\u00bb.<br>29 La multitud que estaba presente y oy\u00f3 estas palabras, pensaba que era un trueno. Otros dec\u00edan: \u00abLe ha hablado un \u00e1ngel\u00bb.<br>30 Jes\u00fas respondi\u00f3: \u00abEsta voz no se oy\u00f3 por m\u00ed, sino por ustedes.<br>31 Ahora ha llegado el juicio de este mundo, ahora el Pr\u00edncipe de este mundo ser\u00e1 arrojado afuera;<br>32 y cuando yo sea levantado en alto sobre la tierra, atraer\u00e9 a todos hacia m\u00ed\u00bb.<br>33 Jes\u00fas dec\u00eda esto para indicar c\u00f3mo iba a morir.<\/p>\n\n\n\n<p class=\"has-vivid-red-color has-text-color\">Palabra del Se\u00f1or.<\/p>\n\n\n\n<p><\/p>\n","protected":false},"excerpt":{"rendered":"<p>\u201cHa llegado la hora en que el Hijo del hombre va a ser glorificado\u201d<br \/>\nJn 12, 23<\/p>\n","protected":false},"author":1,"featured_media":3615,"comment_status":"closed","ping_status":"closed","sticky":false,"template":"","format":"standard","meta":{"_et_pb_use_builder":"off","_et_pb_old_content":"","_et_gb_content_width":"1200","footnotes":""},"categories":[95],"tags":[],"class_list":["post-3596","post","type-post","status-publish","format-standard","has-post-thumbnail","hentry","category-evangelio-del-domingo"],"_links":{"self":[{"href":"https:\/\/franciscanas.org\/portal\/lamerica\/wp-json\/wp\/v2\/posts\/3596","targetHints":{"allow":["GET"]}}],"collection":[{"href":"https:\/\/franciscanas.org\/portal\/lamerica\/wp-json\/wp\/v2\/posts"}],"about":[{"href":"https:\/\/franciscanas.org\/portal\/lamerica\/wp-json\/wp\/v2\/types\/post"}],"author":[{"embeddable":true,"href":"https:\/\/franciscanas.org\/portal\/lamerica\/wp-json\/wp\/v2\/users\/1"}],"replies":[{"embeddable":true,"href":"https:\/\/franciscanas.org\/portal\/lamerica\/wp-json\/wp\/v2\/comments?post=3596"}],"version-history":[{"count":1,"href":"https:\/\/franciscanas.org\/portal\/lamerica\/wp-json\/wp\/v2\/posts\/3596\/revisions"}],"predecessor-version":[{"id":3597,"href":"https:\/\/franciscanas.org\/portal\/lamerica\/wp-json\/wp\/v2\/posts\/3596\/revisions\/3597"}],"wp:featuredmedia":[{"embeddable":true,"href":"https:\/\/franciscanas.org\/portal\/lamerica\/wp-json\/wp\/v2\/media\/3615"}],"wp:attachment":[{"href":"https:\/\/franciscanas.org\/portal\/lamerica\/wp-json\/wp\/v2\/media?parent=3596"}],"wp:term":[{"taxonomy":"category","embeddable":true,"href":"https:\/\/franciscanas.org\/portal\/lamerica\/wp-json\/wp\/v2\/categories?post=3596"},{"taxonomy":"post_tag","embeddable":true,"href":"https:\/\/franciscanas.org\/portal\/lamerica\/wp-json\/wp\/v2\/tags?post=3596"}],"curies":[{"name":"wp","href":"https:\/\/api.w.org\/{rel}","templated":true}]}}