{"id":3593,"date":"2024-03-08T12:59:56","date_gmt":"2024-03-08T17:59:56","guid":{"rendered":"https:\/\/franciscanas.org\/portal\/lamerica\/?p=3593"},"modified":"2024-03-06T13:37:32","modified_gmt":"2024-03-06T18:37:32","slug":"4o-domingo-de-cuaresma","status":"publish","type":"post","link":"https:\/\/franciscanas.org\/portal\/lamerica\/evangelio-del-domingo\/4o-domingo-de-cuaresma\/","title":{"rendered":"4\u00ba Domingo de Cuaresma"},"content":{"rendered":"\n<p class=\"has-vivid-red-color has-text-color\"><strong>Evengelio<\/strong> de Jn 3, 14 &#8211; 21<\/p>\n\n\n\n<p>14 De la misma manera que Mois\u00e9s levant\u00f3 en alto la serpiente en el desierto, tambi\u00e9n es necesario que el Hijo del hombre sea levantado en alto,<br>15 para que todos los que creen en \u00e9l tengan Vida eterna.<br>16 S\u00ed, Dios am\u00f3 tanto al mundo, que entreg\u00f3 a su Hijo \u00fanico para que todo el que cree en \u00e9l no muera, sino que tenga Vida eterna.<br>17 Porque Dios no envi\u00f3 a su Hijo para juzgar al mundo, sino para que el mundo se salve por \u00e9l.<br>18 El que cree en \u00e9l, no es condenado; el que no cree, ya est\u00e1 condenado, porque no ha cre\u00eddo en el nombre del Hijo \u00fanico de Dios.<br>19 En esto consiste el juicio: la luz vino al mundo, y los hombres prefirieron las tinieblas a la luz, porque sus obras eran malas.<br>20 Todo el que obra mal odia la luz y no se acerca a ella, por temor de que sus obras sean descubiertas<br>21 En cambio, el que obra conforme a la verdad se acerca a la luz, para que se ponga de manifiesto que sus obras han sido hechas en Dios.<\/p>\n\n\n\n<p class=\"has-vivid-red-color has-text-color\">Palabra del Se\u00f1or.<\/p>\n","protected":false},"excerpt":{"rendered":"<p>&#8220;Dios am\u00f3 tanto al mundo, que entreg\u00f3 a su Hijo \u00fanico&#8221; (Jn 3,16).<\/p>\n","protected":false},"author":1,"featured_media":3594,"comment_status":"closed","ping_status":"closed","sticky":false,"template":"","format":"standard","meta":{"_et_pb_use_builder":"off","_et_pb_old_content":"","_et_gb_content_width":"1200","footnotes":""},"categories":[95],"tags":[],"class_list":["post-3593","post","type-post","status-publish","format-standard","has-post-thumbnail","hentry","category-evangelio-del-domingo"],"_links":{"self":[{"href":"https:\/\/franciscanas.org\/portal\/lamerica\/wp-json\/wp\/v2\/posts\/3593","targetHints":{"allow":["GET"]}}],"collection":[{"href":"https:\/\/franciscanas.org\/portal\/lamerica\/wp-json\/wp\/v2\/posts"}],"about":[{"href":"https:\/\/franciscanas.org\/portal\/lamerica\/wp-json\/wp\/v2\/types\/post"}],"author":[{"embeddable":true,"href":"https:\/\/franciscanas.org\/portal\/lamerica\/wp-json\/wp\/v2\/users\/1"}],"replies":[{"embeddable":true,"href":"https:\/\/franciscanas.org\/portal\/lamerica\/wp-json\/wp\/v2\/comments?post=3593"}],"version-history":[{"count":1,"href":"https:\/\/franciscanas.org\/portal\/lamerica\/wp-json\/wp\/v2\/posts\/3593\/revisions"}],"predecessor-version":[{"id":3595,"href":"https:\/\/franciscanas.org\/portal\/lamerica\/wp-json\/wp\/v2\/posts\/3593\/revisions\/3595"}],"wp:featuredmedia":[{"embeddable":true,"href":"https:\/\/franciscanas.org\/portal\/lamerica\/wp-json\/wp\/v2\/media\/3594"}],"wp:attachment":[{"href":"https:\/\/franciscanas.org\/portal\/lamerica\/wp-json\/wp\/v2\/media?parent=3593"}],"wp:term":[{"taxonomy":"category","embeddable":true,"href":"https:\/\/franciscanas.org\/portal\/lamerica\/wp-json\/wp\/v2\/categories?post=3593"},{"taxonomy":"post_tag","embeddable":true,"href":"https:\/\/franciscanas.org\/portal\/lamerica\/wp-json\/wp\/v2\/tags?post=3593"}],"curies":[{"name":"wp","href":"https:\/\/api.w.org\/{rel}","templated":true}]}}