{"id":3587,"date":"2024-03-01T20:30:00","date_gmt":"2024-03-02T01:30:00","guid":{"rendered":"https:\/\/franciscanas.org\/portal\/lamerica\/?p=3587"},"modified":"2024-03-02T20:42:50","modified_gmt":"2024-03-03T01:42:50","slug":"3er-domingo-de-cuaresma","status":"publish","type":"post","link":"https:\/\/franciscanas.org\/portal\/lamerica\/evangelio-del-domingo\/3er-domingo-de-cuaresma\/","title":{"rendered":"3er Domingo de Cuaresma"},"content":{"rendered":"\n<p class=\"has-vivid-red-color has-text-color\"><strong>Evangelio de Juan<\/strong> 2, 13-25<\/p>\n\n\n\n<p>13 Se acercaba la Pascua de los jud\u00edos. Jes\u00fas subi\u00f3 a Jerusal\u00e9n<br>14 y encontr\u00f3 en el Templo a los vendedores de bueyes, ovejas y palomas y a los cambistas sentados delante de sus mesas.<br>15 Hizo un l\u00e1tigo de cuerdas y los ech\u00f3 a todos del Templo, junto con sus ovejas y sus bueyes; desparram\u00f3 las monedas de los cambistas, derrib\u00f3 sus mesas<br>16 y dijo a los vendedores de palomas: \u00abSaquen esto de aqu\u00ed y no hagan de la casa de mi Padre una casa de comercio\u00bb.<br>17 Y sus disc\u00edpulos recordaron las palabras de la Escritura: El celo por tu Casa me consumir\u00e1.<br>18 Entonces los jud\u00edos le preguntaron: \u00ab\u00bfQu\u00e9 signo nos das para obrar as\u00ed?\u00bb.<br>19 Jes\u00fas les respondi\u00f3: \u00abDestruyan este templo y en tres d\u00edas lo volver\u00e9 a levantar\u00bb.<br>20 Los jud\u00edos le dijeron: \u00abHan sido necesarios cuarenta y seis a\u00f1os para construir este Templo, \u00bfy t\u00fa lo vas a levantar en tres d\u00edas?\u00bb.<br>21 Pero \u00e9l se refer\u00eda al templo de su cuerpo.<br>22 Por eso, cuando Jes\u00fas resucit\u00f3, sus disc\u00edpulos recordaron que \u00e9l hab\u00eda dicho esto, y creyeron en la Escritura y en la palabra que hab\u00eda pronunciado.<br>23 Mientras estaba en Jerusal\u00e9n, durante la fiesta de Pascua, muchos creyeron en su Nombre al ver los signos que realizaba.<br>24 Pero Jes\u00fas no se fiaba de ellos, porque los conoc\u00eda a todos<br>25 y no necesitaba que lo informaran acerca de nadie: \u00e9l sab\u00eda lo que hay en el interior del hombre.<\/p>\n\n\n\n<p class=\"has-vivid-red-color has-text-color\">Palabra del Se\u00f1or.<\/p>\n","protected":false},"excerpt":{"rendered":"<p>\u201cEl celo por tu Casa me consumir\u00e1.\u201d<br \/>\n (Jo 2, 17)<\/p>\n","protected":false},"author":1,"featured_media":3582,"comment_status":"closed","ping_status":"closed","sticky":false,"template":"","format":"standard","meta":{"_et_pb_use_builder":"off","_et_pb_old_content":"","_et_gb_content_width":"1200","footnotes":""},"categories":[95],"tags":[],"class_list":["post-3587","post","type-post","status-publish","format-standard","has-post-thumbnail","hentry","category-evangelio-del-domingo"],"_links":{"self":[{"href":"https:\/\/franciscanas.org\/portal\/lamerica\/wp-json\/wp\/v2\/posts\/3587","targetHints":{"allow":["GET"]}}],"collection":[{"href":"https:\/\/franciscanas.org\/portal\/lamerica\/wp-json\/wp\/v2\/posts"}],"about":[{"href":"https:\/\/franciscanas.org\/portal\/lamerica\/wp-json\/wp\/v2\/types\/post"}],"author":[{"embeddable":true,"href":"https:\/\/franciscanas.org\/portal\/lamerica\/wp-json\/wp\/v2\/users\/1"}],"replies":[{"embeddable":true,"href":"https:\/\/franciscanas.org\/portal\/lamerica\/wp-json\/wp\/v2\/comments?post=3587"}],"version-history":[{"count":1,"href":"https:\/\/franciscanas.org\/portal\/lamerica\/wp-json\/wp\/v2\/posts\/3587\/revisions"}],"predecessor-version":[{"id":3588,"href":"https:\/\/franciscanas.org\/portal\/lamerica\/wp-json\/wp\/v2\/posts\/3587\/revisions\/3588"}],"wp:featuredmedia":[{"embeddable":true,"href":"https:\/\/franciscanas.org\/portal\/lamerica\/wp-json\/wp\/v2\/media\/3582"}],"wp:attachment":[{"href":"https:\/\/franciscanas.org\/portal\/lamerica\/wp-json\/wp\/v2\/media?parent=3587"}],"wp:term":[{"taxonomy":"category","embeddable":true,"href":"https:\/\/franciscanas.org\/portal\/lamerica\/wp-json\/wp\/v2\/categories?post=3587"},{"taxonomy":"post_tag","embeddable":true,"href":"https:\/\/franciscanas.org\/portal\/lamerica\/wp-json\/wp\/v2\/tags?post=3587"}],"curies":[{"name":"wp","href":"https:\/\/api.w.org\/{rel}","templated":true}]}}