{"id":3331,"date":"2024-02-23T20:30:00","date_gmt":"2024-02-24T01:30:00","guid":{"rendered":"https:\/\/franciscanas.org\/portal\/lamerica\/?p=3331"},"modified":"2024-02-24T20:37:44","modified_gmt":"2024-02-25T01:37:44","slug":"2o-domingo-de-cuaresma","status":"publish","type":"post","link":"https:\/\/franciscanas.org\/portal\/lamerica\/evangelio-del-domingo\/2o-domingo-de-cuaresma\/","title":{"rendered":"2\u00ba Domingo de Cuaresma"},"content":{"rendered":"\n<p class=\"has-vivid-red-color has-text-color\"><strong>Evangelio de Marcos<\/strong> (9 ,2-10)<\/p>\n\n\n\n<p>02 Seis d\u00edas despu\u00e9s, Jes\u00fas tom\u00f3 a Pedro, Santiago y Juan, y los llevo a ellos solos a un monte elevado. All\u00ed se transfigur\u00f3 en presencia de ellos.<br>03 Sus vestiduras se volvieron resplandecientes, tan blancas como nadie en el mundo podr\u00eda blanquearlas.<br>04 Y se les aparecieron El\u00edas y Mois\u00e9s, conversando con Jes\u00fas.<br>05 Pedro dijo a Jes\u00fas: \u00abMaestro, \u00a1qu\u00e9 bien estamos aqu\u00ed! Hagamos tres carpas, una para ti, otra para Mois\u00e9s y otra para El\u00edas\u00bb.<br>06 Pedro no sab\u00eda qu\u00e9 decir, porque estaban llenos de temor.<br>07 Entonces una nube los cubri\u00f3 con su sombra, y sali\u00f3 de ella una voz: \u00abEste es mi Hijo muy querido, esc\u00fachenlo\u00bb.<br>08 De pronto miraron a su alrededor y no vieron a nadie, sino a Jes\u00fas solo con ellos.<br>09 Mientras bajaban del monte, Jes\u00fas les prohibi\u00f3 contar lo que hab\u00edan visto, hasta que el Hijo del hombre resucitara de entre los muertos.<br>10 Ellos cumplieron esta orden, pero se preguntaban qu\u00e9 significar\u00e1 \u00abresucitar de entre los muertos\u00bb.<\/p>\n\n\n\n<p class=\"has-vivid-red-color has-text-color\">Palabra del Se\u00f1or.<\/p>\n","protected":false},"excerpt":{"rendered":"<p>All\u00ed se transfigur\u00f3 en presencia de ellos<br \/>\n(Mc 9, 2). <\/p>\n","protected":false},"author":1,"featured_media":3522,"comment_status":"closed","ping_status":"closed","sticky":false,"template":"","format":"standard","meta":{"_et_pb_use_builder":"off","_et_pb_old_content":"","_et_gb_content_width":"1200","footnotes":""},"categories":[95],"tags":[],"class_list":["post-3331","post","type-post","status-publish","format-standard","has-post-thumbnail","hentry","category-evangelio-del-domingo"],"_links":{"self":[{"href":"https:\/\/franciscanas.org\/portal\/lamerica\/wp-json\/wp\/v2\/posts\/3331","targetHints":{"allow":["GET"]}}],"collection":[{"href":"https:\/\/franciscanas.org\/portal\/lamerica\/wp-json\/wp\/v2\/posts"}],"about":[{"href":"https:\/\/franciscanas.org\/portal\/lamerica\/wp-json\/wp\/v2\/types\/post"}],"author":[{"embeddable":true,"href":"https:\/\/franciscanas.org\/portal\/lamerica\/wp-json\/wp\/v2\/users\/1"}],"replies":[{"embeddable":true,"href":"https:\/\/franciscanas.org\/portal\/lamerica\/wp-json\/wp\/v2\/comments?post=3331"}],"version-history":[{"count":1,"href":"https:\/\/franciscanas.org\/portal\/lamerica\/wp-json\/wp\/v2\/posts\/3331\/revisions"}],"predecessor-version":[{"id":3332,"href":"https:\/\/franciscanas.org\/portal\/lamerica\/wp-json\/wp\/v2\/posts\/3331\/revisions\/3332"}],"wp:featuredmedia":[{"embeddable":true,"href":"https:\/\/franciscanas.org\/portal\/lamerica\/wp-json\/wp\/v2\/media\/3522"}],"wp:attachment":[{"href":"https:\/\/franciscanas.org\/portal\/lamerica\/wp-json\/wp\/v2\/media?parent=3331"}],"wp:term":[{"taxonomy":"category","embeddable":true,"href":"https:\/\/franciscanas.org\/portal\/lamerica\/wp-json\/wp\/v2\/categories?post=3331"},{"taxonomy":"post_tag","embeddable":true,"href":"https:\/\/franciscanas.org\/portal\/lamerica\/wp-json\/wp\/v2\/tags?post=3331"}],"curies":[{"name":"wp","href":"https:\/\/api.w.org\/{rel}","templated":true}]}}