{"id":3327,"date":"2024-02-16T20:30:00","date_gmt":"2024-02-17T01:30:00","guid":{"rendered":"https:\/\/franciscanas.org\/portal\/lamerica\/?p=3327"},"modified":"2024-02-17T20:49:26","modified_gmt":"2024-02-18T01:49:26","slug":"1er-domingo-de-cuaresma","status":"publish","type":"post","link":"https:\/\/franciscanas.org\/portal\/lamerica\/evangelio-del-domingo\/1er-domingo-de-cuaresma\/","title":{"rendered":"1er Domingo de Cuaresma"},"content":{"rendered":"\n<p class=\"has-vivid-red-color has-text-color\"><strong>Evangelio de Marcos<\/strong> (1, 12-15)<\/p>\n\n\n\n<p>12 En seguida el Esp\u00edritu lo empuj\u00f3 al desierto.<br>13 Estuvo cuarenta d\u00edas en el desierto y fue tentado por Satan\u00e1s. Viv\u00eda entre los animales salvajes y los \u00e1ngeles le serv\u00edan.<br>14 Despu\u00e9s de que tomaron preso a Juan, Jes\u00fas fue a Galilea y empez\u00f3 a proclamar la Buena Nueva de Dios.<br>15 Dec\u00eda: \u00abEl tiempo se ha cumplido, el Reino de Dios est\u00e1 cerca. Renuncien a su mal camino y crean en la Buena Nueva.\u00bb<\/p>\n\n\n\n<p class=\"has-vivid-red-color has-text-color\">Palabra del Se\u00f1or.<\/p>\n","protected":false},"excerpt":{"rendered":"<p>&#8220;Renuncien a su mal camino y crean en la Buena Nueva&#8221; (Mc 1,15).<\/p>\n","protected":false},"author":1,"featured_media":3520,"comment_status":"closed","ping_status":"closed","sticky":false,"template":"","format":"standard","meta":{"_et_pb_use_builder":"off","_et_pb_old_content":"","_et_gb_content_width":"1200","footnotes":""},"categories":[95],"tags":[],"class_list":["post-3327","post","type-post","status-publish","format-standard","has-post-thumbnail","hentry","category-evangelio-del-domingo"],"_links":{"self":[{"href":"https:\/\/franciscanas.org\/portal\/lamerica\/wp-json\/wp\/v2\/posts\/3327","targetHints":{"allow":["GET"]}}],"collection":[{"href":"https:\/\/franciscanas.org\/portal\/lamerica\/wp-json\/wp\/v2\/posts"}],"about":[{"href":"https:\/\/franciscanas.org\/portal\/lamerica\/wp-json\/wp\/v2\/types\/post"}],"author":[{"embeddable":true,"href":"https:\/\/franciscanas.org\/portal\/lamerica\/wp-json\/wp\/v2\/users\/1"}],"replies":[{"embeddable":true,"href":"https:\/\/franciscanas.org\/portal\/lamerica\/wp-json\/wp\/v2\/comments?post=3327"}],"version-history":[{"count":3,"href":"https:\/\/franciscanas.org\/portal\/lamerica\/wp-json\/wp\/v2\/posts\/3327\/revisions"}],"predecessor-version":[{"id":3521,"href":"https:\/\/franciscanas.org\/portal\/lamerica\/wp-json\/wp\/v2\/posts\/3327\/revisions\/3521"}],"wp:featuredmedia":[{"embeddable":true,"href":"https:\/\/franciscanas.org\/portal\/lamerica\/wp-json\/wp\/v2\/media\/3520"}],"wp:attachment":[{"href":"https:\/\/franciscanas.org\/portal\/lamerica\/wp-json\/wp\/v2\/media?parent=3327"}],"wp:term":[{"taxonomy":"category","embeddable":true,"href":"https:\/\/franciscanas.org\/portal\/lamerica\/wp-json\/wp\/v2\/categories?post=3327"},{"taxonomy":"post_tag","embeddable":true,"href":"https:\/\/franciscanas.org\/portal\/lamerica\/wp-json\/wp\/v2\/tags?post=3327"}],"curies":[{"name":"wp","href":"https:\/\/api.w.org\/{rel}","templated":true}]}}