{"id":3325,"date":"2024-02-09T20:30:00","date_gmt":"2024-02-10T01:30:00","guid":{"rendered":"https:\/\/franciscanas.org\/portal\/lamerica\/?p=3325"},"modified":"2024-02-01T15:31:56","modified_gmt":"2024-02-01T20:31:56","slug":"6o-domingo-del-tiempo-ordinario","status":"publish","type":"post","link":"https:\/\/franciscanas.org\/portal\/lamerica\/evangelio-del-domingo\/6o-domingo-del-tiempo-ordinario\/","title":{"rendered":"6\u00ba Domingo del Tiempo Ordinario"},"content":{"rendered":"\n<p class=\"has-vivid-red-color has-text-color\"><strong>Evangelio de Marcos<\/strong> (1, 40-45)<\/p>\n\n\n\n<p>40 Se le acerc\u00f3 un leproso, que se arrodill\u00f3 ante \u00e9l y le suplic\u00f3: \u00abSi quieres, puedes limpiarme.\u00bb<br>41 Sintiendo compasi\u00f3n, Jes\u00fas extendi\u00f3 la mano y lo toc\u00f3 diciendo: \u00abQuiero, queda limpio.\u00bb<br>42 Al instante se le quit\u00f3 la lepra y qued\u00f3 sano.<br>43 Entonces Jes\u00fas lo despidi\u00f3, pero le orden\u00f3<br>44 \u00abNo cuentes esto a nadie, pero vete y pres\u00e9ntate al sacerdote y haz por tu purificaci\u00f3n la ofrenda que ordena la Ley de Mois\u00e9s, pues t\u00fa tienes que hacer tu declaraci\u00f3n.\u00bb Pero el hombre, en cuanto se fue, empez\u00f3 a hablar y a divulgar lo ocurrido,<br>45 de tal manera que Jes\u00fas ya no pod\u00eda entrar p\u00fablicamente en el pueblo; ten\u00eda que andar por las afueras, en lugares solitarios. Pero la gente ven\u00eda a \u00e9l de todas partes.<\/p>\n\n\n\n<p class=\"has-vivid-red-color has-text-color\">Palabra del Se\u00f1or.<\/p>\n","protected":false},"excerpt":{"rendered":"<p> &#8220;Yo quiero, queda limpio&#8221;(Mc 1, 41)<\/p>\n","protected":false},"author":1,"featured_media":3481,"comment_status":"closed","ping_status":"closed","sticky":false,"template":"","format":"standard","meta":{"_et_pb_use_builder":"off","_et_pb_old_content":"","_et_gb_content_width":"1200","footnotes":""},"categories":[95],"tags":[],"class_list":["post-3325","post","type-post","status-publish","format-standard","has-post-thumbnail","hentry","category-evangelio-del-domingo"],"_links":{"self":[{"href":"https:\/\/franciscanas.org\/portal\/lamerica\/wp-json\/wp\/v2\/posts\/3325","targetHints":{"allow":["GET"]}}],"collection":[{"href":"https:\/\/franciscanas.org\/portal\/lamerica\/wp-json\/wp\/v2\/posts"}],"about":[{"href":"https:\/\/franciscanas.org\/portal\/lamerica\/wp-json\/wp\/v2\/types\/post"}],"author":[{"embeddable":true,"href":"https:\/\/franciscanas.org\/portal\/lamerica\/wp-json\/wp\/v2\/users\/1"}],"replies":[{"embeddable":true,"href":"https:\/\/franciscanas.org\/portal\/lamerica\/wp-json\/wp\/v2\/comments?post=3325"}],"version-history":[{"count":4,"href":"https:\/\/franciscanas.org\/portal\/lamerica\/wp-json\/wp\/v2\/posts\/3325\/revisions"}],"predecessor-version":[{"id":3476,"href":"https:\/\/franciscanas.org\/portal\/lamerica\/wp-json\/wp\/v2\/posts\/3325\/revisions\/3476"}],"wp:featuredmedia":[{"embeddable":true,"href":"https:\/\/franciscanas.org\/portal\/lamerica\/wp-json\/wp\/v2\/media\/3481"}],"wp:attachment":[{"href":"https:\/\/franciscanas.org\/portal\/lamerica\/wp-json\/wp\/v2\/media?parent=3325"}],"wp:term":[{"taxonomy":"category","embeddable":true,"href":"https:\/\/franciscanas.org\/portal\/lamerica\/wp-json\/wp\/v2\/categories?post=3325"},{"taxonomy":"post_tag","embeddable":true,"href":"https:\/\/franciscanas.org\/portal\/lamerica\/wp-json\/wp\/v2\/tags?post=3325"}],"curies":[{"name":"wp","href":"https:\/\/api.w.org\/{rel}","templated":true}]}}