{"id":3323,"date":"2024-02-02T20:30:00","date_gmt":"2024-02-03T01:30:00","guid":{"rendered":"https:\/\/franciscanas.org\/portal\/lamerica\/?p=3323"},"modified":"2024-02-01T15:15:18","modified_gmt":"2024-02-01T20:15:18","slug":"5o-domingo-del-tiempo-ordinario","status":"publish","type":"post","link":"https:\/\/franciscanas.org\/portal\/lamerica\/evangelio-del-domingo\/5o-domingo-del-tiempo-ordinario\/","title":{"rendered":"5\u00ba Domingo del Tiempo Ordinario"},"content":{"rendered":"\n<p class=\"has-vivid-red-color has-text-color\"><strong>Evangelio de  Marcos<\/strong> (1,29-39)<\/p>\n\n\n\n<p>29 Al salir de la Sinagoga, Jes\u00fas fue a la casa de Sim\u00f3n y Andr\u00e9s con Santiago y Juan.<br>30 La suegra de Sim\u00f3n estaba en cama con fiebre, por lo que en seguida le hablaron de ella.<br>31 Jes\u00fas se acerc\u00f3 y, tom\u00e1ndola de la mano, la levant\u00f3. Se le quit\u00f3 la fiebre y se puso a atenderlos.<br>32 Antes del atardecer, cuando se pon\u00eda el sol, empezaron a traer a Jes\u00fas todos los enfermos y personas pose\u00eddas por esp\u00edritus malos.<br>33 El pueblo entero estaba reunido ante la puerta.<br>34 Jes\u00fas san\u00f3 a muchos enfermos con dolencias de toda clase y expuls\u00f3 muchos demonios; pero no los dejaba hablar, pues sab\u00edan qui\u00e9n era.<br>35 De madrugada, cuando todav\u00eda estaba muy oscuro, Jes\u00fas se levant\u00f3, sali\u00f3 y se fue a un lugar solitario. All\u00ed se puso a orar.<br>36 Sim\u00f3n y sus compa\u00f1eros fueron a buscarlo,<br>37 y cuando lo encontraron le dijeron: \u00abTodos te est\u00e1n buscando.\u00bb<br>38 \u00c9l les contest\u00f3: \u00abV\u00e1monos a los pueblecitos vecinos, para predicar tambi\u00e9n all\u00ed, pues para esto he salido.\u00bb<br>39 Y Jes\u00fas empez\u00f3 a visitar las sinagogas de aquella gente, recorriendo toda Galilea. Predicaba y expulsaba a los demonios.<\/p>\n\n\n\n<p class=\"has-vivid-red-color has-text-color\">Palabra del Se\u00f1or.<\/p>\n","protected":false},"excerpt":{"rendered":"<p>[El] no dejaba hablar [los demonios]&#8230; (Mc 1, 41).<\/p>\n","protected":false},"author":1,"featured_media":3471,"comment_status":"closed","ping_status":"closed","sticky":false,"template":"","format":"standard","meta":{"_et_pb_use_builder":"off","_et_pb_old_content":"","_et_gb_content_width":"1200","footnotes":""},"categories":[95],"tags":[],"class_list":["post-3323","post","type-post","status-publish","format-standard","has-post-thumbnail","hentry","category-evangelio-del-domingo"],"_links":{"self":[{"href":"https:\/\/franciscanas.org\/portal\/lamerica\/wp-json\/wp\/v2\/posts\/3323","targetHints":{"allow":["GET"]}}],"collection":[{"href":"https:\/\/franciscanas.org\/portal\/lamerica\/wp-json\/wp\/v2\/posts"}],"about":[{"href":"https:\/\/franciscanas.org\/portal\/lamerica\/wp-json\/wp\/v2\/types\/post"}],"author":[{"embeddable":true,"href":"https:\/\/franciscanas.org\/portal\/lamerica\/wp-json\/wp\/v2\/users\/1"}],"replies":[{"embeddable":true,"href":"https:\/\/franciscanas.org\/portal\/lamerica\/wp-json\/wp\/v2\/comments?post=3323"}],"version-history":[{"count":2,"href":"https:\/\/franciscanas.org\/portal\/lamerica\/wp-json\/wp\/v2\/posts\/3323\/revisions"}],"predecessor-version":[{"id":3472,"href":"https:\/\/franciscanas.org\/portal\/lamerica\/wp-json\/wp\/v2\/posts\/3323\/revisions\/3472"}],"wp:featuredmedia":[{"embeddable":true,"href":"https:\/\/franciscanas.org\/portal\/lamerica\/wp-json\/wp\/v2\/media\/3471"}],"wp:attachment":[{"href":"https:\/\/franciscanas.org\/portal\/lamerica\/wp-json\/wp\/v2\/media?parent=3323"}],"wp:term":[{"taxonomy":"category","embeddable":true,"href":"https:\/\/franciscanas.org\/portal\/lamerica\/wp-json\/wp\/v2\/categories?post=3323"},{"taxonomy":"post_tag","embeddable":true,"href":"https:\/\/franciscanas.org\/portal\/lamerica\/wp-json\/wp\/v2\/tags?post=3323"}],"curies":[{"name":"wp","href":"https:\/\/api.w.org\/{rel}","templated":true}]}}