{"id":3319,"date":"2024-01-26T20:30:00","date_gmt":"2024-01-27T01:30:00","guid":{"rendered":"https:\/\/franciscanas.org\/portal\/lamerica\/?p=3319"},"modified":"2024-01-23T20:30:48","modified_gmt":"2024-01-24T01:30:48","slug":"4o-domingo-del-tiempo-ordinario","status":"publish","type":"post","link":"https:\/\/franciscanas.org\/portal\/lamerica\/evangelio-del-domingo\/4o-domingo-del-tiempo-ordinario\/","title":{"rendered":"4\u00ba Domingo del Tiempo Ordinario"},"content":{"rendered":"\n<p class=\"has-vivid-red-color has-text-color\"><strong>Evangelio de Marcos<\/strong> (1, 21-28)<\/p>\n\n\n\n<p>21 Llegaron a Cafarna\u00fam, y Jes\u00fas empez\u00f3 a ense\u00f1ar en la sinagoga durante las asambleas del d\u00eda s\u00e1bado.<br>22 Su manera de ense\u00f1ar impresionaba mucho a la gente, porque hablaba como quien tiene autoridad, y no como los maestros de la Ley.<br>23 Entr\u00f3 en aquella sinagoga un hombre que estaba en poder de un esp\u00edritu malo, y se puso a gritar:<br>24 \u00ab\u00bfQu\u00e9 quieres con nosotros, Jes\u00fas de Nazaret? \u00bfHas venido a destruirnos? Yo s\u00e9 que t\u00fa eres el Santo de Dios.\u00bb<br>25 Jes\u00fas le hizo frente con autoridad:<br>26 \u00ab\u00a1C\u00e1llate y sal de ese hombre!\u00bb El esp\u00edritu impuro revolc\u00f3 al hombre en el suelo y lanz\u00f3 un grito tremendo y luego sali\u00f3 de \u00e9l.<br>27 El asombro de todos fue tan grande que se preguntaban unos a otros: \u00ab\u00bfQu\u00e9 es esto? Una doctrina nueva, y \u00a1con qu\u00e9 autoridad! Miren c\u00f3mo da \u00f3rdenes a los esp\u00edritus impuros \u00a1y le obedecen!\u00bb<br>28 As\u00ed fue como la fama de Jes\u00fas se extendi\u00f3 por todo el territorio de Galilea.<\/p>\n\n\n\n<p class=\"has-vivid-red-color has-text-color\">Palabra del Se\u00f1or.<\/p>\n","protected":false},"excerpt":{"rendered":"<p>&#8220;Su manera de ense\u00f1ar impresionaba mucho a la gente, porque hablaba como quien tiene autoridad&#8221;&#8230; (Mc 1, 22).<\/p>\n","protected":false},"author":1,"featured_media":3410,"comment_status":"closed","ping_status":"closed","sticky":false,"template":"","format":"standard","meta":{"_et_pb_use_builder":"off","_et_pb_old_content":"","_et_gb_content_width":"1200","footnotes":""},"categories":[95],"tags":[],"class_list":["post-3319","post","type-post","status-publish","format-standard","has-post-thumbnail","hentry","category-evangelio-del-domingo"],"_links":{"self":[{"href":"https:\/\/franciscanas.org\/portal\/lamerica\/wp-json\/wp\/v2\/posts\/3319","targetHints":{"allow":["GET"]}}],"collection":[{"href":"https:\/\/franciscanas.org\/portal\/lamerica\/wp-json\/wp\/v2\/posts"}],"about":[{"href":"https:\/\/franciscanas.org\/portal\/lamerica\/wp-json\/wp\/v2\/types\/post"}],"author":[{"embeddable":true,"href":"https:\/\/franciscanas.org\/portal\/lamerica\/wp-json\/wp\/v2\/users\/1"}],"replies":[{"embeddable":true,"href":"https:\/\/franciscanas.org\/portal\/lamerica\/wp-json\/wp\/v2\/comments?post=3319"}],"version-history":[{"count":3,"href":"https:\/\/franciscanas.org\/portal\/lamerica\/wp-json\/wp\/v2\/posts\/3319\/revisions"}],"predecessor-version":[{"id":3322,"href":"https:\/\/franciscanas.org\/portal\/lamerica\/wp-json\/wp\/v2\/posts\/3319\/revisions\/3322"}],"wp:featuredmedia":[{"embeddable":true,"href":"https:\/\/franciscanas.org\/portal\/lamerica\/wp-json\/wp\/v2\/media\/3410"}],"wp:attachment":[{"href":"https:\/\/franciscanas.org\/portal\/lamerica\/wp-json\/wp\/v2\/media?parent=3319"}],"wp:term":[{"taxonomy":"category","embeddable":true,"href":"https:\/\/franciscanas.org\/portal\/lamerica\/wp-json\/wp\/v2\/categories?post=3319"},{"taxonomy":"post_tag","embeddable":true,"href":"https:\/\/franciscanas.org\/portal\/lamerica\/wp-json\/wp\/v2\/tags?post=3319"}],"curies":[{"name":"wp","href":"https:\/\/api.w.org\/{rel}","templated":true}]}}