{"id":3315,"date":"2024-01-19T20:30:00","date_gmt":"2024-01-20T01:30:00","guid":{"rendered":"https:\/\/franciscanas.org\/portal\/lamerica\/?p=3315"},"modified":"2024-01-19T16:25:48","modified_gmt":"2024-01-19T21:25:48","slug":"3er-domingo-del-tiempo-ordinario","status":"publish","type":"post","link":"https:\/\/franciscanas.org\/portal\/lamerica\/evangelio-del-domingo\/3er-domingo-del-tiempo-ordinario\/","title":{"rendered":"3er Domingo del Tiempo Ordinario"},"content":{"rendered":"\n<p class=\"has-vivid-red-color has-text-color\"><strong>Evangelio de Marcos<\/strong> (1, 14-20)<\/p>\n\n\n\n<p>14 Despu\u00e9s de que tomaron preso a Juan, Jes\u00fas fue a Galilea y empez\u00f3 a proclamar la Buena Nueva de Dios.<br>15 Dec\u00eda: \u00abEl tiempo se ha cumplido, el Reino de Dios est\u00e1 cerca. Renuncien a su mal camino y crean en la Buena Nueva.\u00bb<br>16 Mientras Jes\u00fas pasaba por la orilla del mar de Galilea, vio a Sim\u00f3n y a su hermano Andr\u00e9s que echaban las redes en el mar, pues eran pescadores.<br>17 Jes\u00fas les dijo: \u00abS\u00edganme y yo los har\u00e9 pescadores de hombres.\u00bb<br>18 Y de inmediato dejaron sus redes y le siguieron.<br>19 Un poco m\u00e1s all\u00e1 Jes\u00fas vio a Santiago, hijo de Zebedeo, con su hermano Juan, que estaban en su barca arreglando las redes.<br>20 Jes\u00fas tambi\u00e9n los llam\u00f3, y ellos, dejando a su padre Zebedeo en la barca con los ayudantes, lo siguieron.<\/p>\n\n\n\n<p class=\"has-vivid-red-color has-text-color\">Palabra del Se\u00f1or.<\/p>\n","protected":false},"excerpt":{"rendered":"<p>\u201cEl tiempo se ha cumplido, el Reino de Dios est\u00e1 cerca\u201d (Mc 1, 15).<\/p>\n","protected":false},"author":1,"featured_media":3386,"comment_status":"closed","ping_status":"closed","sticky":false,"template":"","format":"standard","meta":{"_et_pb_use_builder":"off","_et_pb_old_content":"","_et_gb_content_width":"1200","footnotes":""},"categories":[95],"tags":[],"class_list":["post-3315","post","type-post","status-publish","format-standard","has-post-thumbnail","hentry","category-evangelio-del-domingo"],"_links":{"self":[{"href":"https:\/\/franciscanas.org\/portal\/lamerica\/wp-json\/wp\/v2\/posts\/3315","targetHints":{"allow":["GET"]}}],"collection":[{"href":"https:\/\/franciscanas.org\/portal\/lamerica\/wp-json\/wp\/v2\/posts"}],"about":[{"href":"https:\/\/franciscanas.org\/portal\/lamerica\/wp-json\/wp\/v2\/types\/post"}],"author":[{"embeddable":true,"href":"https:\/\/franciscanas.org\/portal\/lamerica\/wp-json\/wp\/v2\/users\/1"}],"replies":[{"embeddable":true,"href":"https:\/\/franciscanas.org\/portal\/lamerica\/wp-json\/wp\/v2\/comments?post=3315"}],"version-history":[{"count":1,"href":"https:\/\/franciscanas.org\/portal\/lamerica\/wp-json\/wp\/v2\/posts\/3315\/revisions"}],"predecessor-version":[{"id":3316,"href":"https:\/\/franciscanas.org\/portal\/lamerica\/wp-json\/wp\/v2\/posts\/3315\/revisions\/3316"}],"wp:featuredmedia":[{"embeddable":true,"href":"https:\/\/franciscanas.org\/portal\/lamerica\/wp-json\/wp\/v2\/media\/3386"}],"wp:attachment":[{"href":"https:\/\/franciscanas.org\/portal\/lamerica\/wp-json\/wp\/v2\/media?parent=3315"}],"wp:term":[{"taxonomy":"category","embeddable":true,"href":"https:\/\/franciscanas.org\/portal\/lamerica\/wp-json\/wp\/v2\/categories?post=3315"},{"taxonomy":"post_tag","embeddable":true,"href":"https:\/\/franciscanas.org\/portal\/lamerica\/wp-json\/wp\/v2\/tags?post=3315"}],"curies":[{"name":"wp","href":"https:\/\/api.w.org\/{rel}","templated":true}]}}