{"id":3313,"date":"2024-01-12T20:30:00","date_gmt":"2024-01-13T01:30:00","guid":{"rendered":"https:\/\/franciscanas.org\/portal\/lamerica\/?p=3313"},"modified":"2024-01-19T16:19:05","modified_gmt":"2024-01-19T21:19:05","slug":"2o-domingo-del-tiempo-ordinario","status":"publish","type":"post","link":"https:\/\/franciscanas.org\/portal\/lamerica\/evangelio-del-domingo\/2o-domingo-del-tiempo-ordinario\/","title":{"rendered":"2\u00ba Domingo del Tiempo Ordinario"},"content":{"rendered":"\n<p class=\"has-vivid-red-color has-text-color\"><strong>Evangelio de Juan <\/strong>(1, 35-42)<\/p>\n\n\n\n<p>35 Al d\u00eda siguiente, estaba Juan otra vez all\u00ed con dos de sus disc\u00edpulos<br>36 y, mirando a Jes\u00fas que pasaba, dijo: \u00abEste es el Cordero de Dios\u00bb.<br>37 Los dos disc\u00edpulos, al o\u00edrlo hablar as\u00ed, siguieron a Jes\u00fas.<br>38 El se dio vuelta y, viendo que lo segu\u00edan, les pregunt\u00f3: \u00ab\u00bfQu\u00e9 quieren?\u00bb. Ellos le respondieron: \u00abRabb\u00ed ?que traducido significa Maestro? \u00bfd\u00f3nde vives?\u00bb.<br>39 \u00abVengan y lo ver\u00e1n\u00bb, les dijo. Fueron, vieron d\u00f3nde viv\u00eda y se quedaron con \u00e9l ese d\u00eda. Era alrededor de las cuatro de la tarde.<br>40 Uno de los dos que oyeron las palabras de Juan y siguieron a Jes\u00fas era Andr\u00e9s, el hermano de Sim\u00f3n Pedro.<br>41 Al primero que encontr\u00f3 fue a su propio hermano Sim\u00f3n, y le dijo \u00abHemos encontrado al Mes\u00edas\u00bb, que traducido significa Cristo.<br>42 Entonces lo llev\u00f3 a donde estaba Jes\u00fas. Jes\u00fas lo mir\u00f3 y le dijo: \u00abT\u00fa eres Sim\u00f3n, el hijo de Juan: t\u00fa te llamar\u00e1s Cefas\u00bb, que traducido significa Pedro.<\/p>\n\n\n\n<p class=\"has-vivid-red-color has-text-color\">Palabra del Se\u00f1or.<\/p>\n","protected":false},"excerpt":{"rendered":"<p>&#8216; \u201cVengan y lo ver\u00e1n&#8221;, les dijo. Fueron, vieron d\u00f3nde viv\u00eda y se quedaron con \u00e9l ese d\u00eda&#8217; (Jn 1, 39)<\/p>\n","protected":false},"author":1,"featured_media":3384,"comment_status":"closed","ping_status":"closed","sticky":false,"template":"","format":"standard","meta":{"_et_pb_use_builder":"off","_et_pb_old_content":"","_et_gb_content_width":"1200","footnotes":""},"categories":[95],"tags":[],"class_list":["post-3313","post","type-post","status-publish","format-standard","has-post-thumbnail","hentry","category-evangelio-del-domingo"],"_links":{"self":[{"href":"https:\/\/franciscanas.org\/portal\/lamerica\/wp-json\/wp\/v2\/posts\/3313","targetHints":{"allow":["GET"]}}],"collection":[{"href":"https:\/\/franciscanas.org\/portal\/lamerica\/wp-json\/wp\/v2\/posts"}],"about":[{"href":"https:\/\/franciscanas.org\/portal\/lamerica\/wp-json\/wp\/v2\/types\/post"}],"author":[{"embeddable":true,"href":"https:\/\/franciscanas.org\/portal\/lamerica\/wp-json\/wp\/v2\/users\/1"}],"replies":[{"embeddable":true,"href":"https:\/\/franciscanas.org\/portal\/lamerica\/wp-json\/wp\/v2\/comments?post=3313"}],"version-history":[{"count":3,"href":"https:\/\/franciscanas.org\/portal\/lamerica\/wp-json\/wp\/v2\/posts\/3313\/revisions"}],"predecessor-version":[{"id":3385,"href":"https:\/\/franciscanas.org\/portal\/lamerica\/wp-json\/wp\/v2\/posts\/3313\/revisions\/3385"}],"wp:featuredmedia":[{"embeddable":true,"href":"https:\/\/franciscanas.org\/portal\/lamerica\/wp-json\/wp\/v2\/media\/3384"}],"wp:attachment":[{"href":"https:\/\/franciscanas.org\/portal\/lamerica\/wp-json\/wp\/v2\/media?parent=3313"}],"wp:term":[{"taxonomy":"category","embeddable":true,"href":"https:\/\/franciscanas.org\/portal\/lamerica\/wp-json\/wp\/v2\/categories?post=3313"},{"taxonomy":"post_tag","embeddable":true,"href":"https:\/\/franciscanas.org\/portal\/lamerica\/wp-json\/wp\/v2\/tags?post=3313"}],"curies":[{"name":"wp","href":"https:\/\/api.w.org\/{rel}","templated":true}]}}