{"id":3310,"date":"2024-01-05T12:30:00","date_gmt":"2024-01-05T17:30:00","guid":{"rendered":"https:\/\/franciscanas.org\/portal\/lamerica\/?p=3310"},"modified":"2024-01-02T15:24:36","modified_gmt":"2024-01-02T20:24:36","slug":"bautismo-del-senor","status":"publish","type":"post","link":"https:\/\/franciscanas.org\/portal\/lamerica\/evangelio-del-domingo\/bautismo-del-senor\/","title":{"rendered":"Bautismo del Se\u00f1or"},"content":{"rendered":"\n<p class=\"has-vivid-red-color has-text-color\"><strong>Evangelio de Marcos<\/strong> (1, 7 -11)<\/p>\n\n\n\n<p>07 Juan proclamaba este mensaje: \u00abDetr\u00e1s de m\u00ed viene uno con m\u00e1s poder que yo. Yo no soy digno de desatar la correa de sus sandalias, aunque fuera arrodill\u00e1ndome ante \u00e9l.\u00bb<br>08 Yo los he bautizado con agua, pero \u00e9l los bautizar\u00e1 en el Esp\u00edritu Santo.\u00bb<br>09 En aquellos d\u00edas Jes\u00fas vino de Nazaret, pueblo de Galilea, y se hizo bautizar por Juan en el r\u00edo Jord\u00e1n.<br>10 Al momento de salir del agua, Jes\u00fas vio los Cielos abiertos: el Esp\u00edritu bajaba sobre \u00e9l como lo hace la paloma,<br>11 mientras se escuchaban estas palabras del Cielo: \u00abT\u00fa eres mi Hijo, el Amado, mi Elegido.\u00bb<\/p>\n\n\n\n<p class=\"has-vivid-red-color has-text-color\">Palabra del Se\u00f1or.<\/p>\n","protected":false},"excerpt":{"rendered":"<p>\u201cDetr\u00e1s de m\u00ed viene uno con m\u00e1s poder que yo. Yo no soy digno de desatar la correa de sus sandalias, aunque fuera arrodill\u00e1ndome ante \u00e9l.\u201d (Mc 1, 7)<\/p>\n","protected":false},"author":1,"featured_media":3311,"comment_status":"closed","ping_status":"closed","sticky":false,"template":"","format":"standard","meta":{"_et_pb_use_builder":"off","_et_pb_old_content":"","_et_gb_content_width":"1200","footnotes":""},"categories":[95],"tags":[],"class_list":["post-3310","post","type-post","status-publish","format-standard","has-post-thumbnail","hentry","category-evangelio-del-domingo"],"_links":{"self":[{"href":"https:\/\/franciscanas.org\/portal\/lamerica\/wp-json\/wp\/v2\/posts\/3310","targetHints":{"allow":["GET"]}}],"collection":[{"href":"https:\/\/franciscanas.org\/portal\/lamerica\/wp-json\/wp\/v2\/posts"}],"about":[{"href":"https:\/\/franciscanas.org\/portal\/lamerica\/wp-json\/wp\/v2\/types\/post"}],"author":[{"embeddable":true,"href":"https:\/\/franciscanas.org\/portal\/lamerica\/wp-json\/wp\/v2\/users\/1"}],"replies":[{"embeddable":true,"href":"https:\/\/franciscanas.org\/portal\/lamerica\/wp-json\/wp\/v2\/comments?post=3310"}],"version-history":[{"count":1,"href":"https:\/\/franciscanas.org\/portal\/lamerica\/wp-json\/wp\/v2\/posts\/3310\/revisions"}],"predecessor-version":[{"id":3312,"href":"https:\/\/franciscanas.org\/portal\/lamerica\/wp-json\/wp\/v2\/posts\/3310\/revisions\/3312"}],"wp:featuredmedia":[{"embeddable":true,"href":"https:\/\/franciscanas.org\/portal\/lamerica\/wp-json\/wp\/v2\/media\/3311"}],"wp:attachment":[{"href":"https:\/\/franciscanas.org\/portal\/lamerica\/wp-json\/wp\/v2\/media?parent=3310"}],"wp:term":[{"taxonomy":"category","embeddable":true,"href":"https:\/\/franciscanas.org\/portal\/lamerica\/wp-json\/wp\/v2\/categories?post=3310"},{"taxonomy":"post_tag","embeddable":true,"href":"https:\/\/franciscanas.org\/portal\/lamerica\/wp-json\/wp\/v2\/tags?post=3310"}],"curies":[{"name":"wp","href":"https:\/\/api.w.org\/{rel}","templated":true}]}}