{"id":3280,"date":"2023-12-22T20:30:00","date_gmt":"2023-12-23T01:30:00","guid":{"rendered":"https:\/\/franciscanas.org\/portal\/lamerica\/?p=3280"},"modified":"2023-12-22T14:40:37","modified_gmt":"2023-12-22T19:40:37","slug":"4o-domingo-de-adviento","status":"publish","type":"post","link":"https:\/\/franciscanas.org\/portal\/lamerica\/evangelio-del-domingo\/4o-domingo-de-adviento\/","title":{"rendered":"4\u00ba Domingo de Adviento"},"content":{"rendered":"\n<p class=\"has-vivid-red-color has-text-color\"><strong>Evangelio de Lucas <\/strong>(1,26-38)<\/p>\n\n\n\n<p>En aquel tiempo,<br>26 fue enviado por Dios el \u00e1ngel Gabriel a una ciudad de Galilea, llamada Nazaret,<br>28 a una virgen desposada con un hombre llamado Jos\u00e9, de la casa de David; el nombre de la virgen era Mar\u00eda.<br>29 Y entrando, le dijo: \u00abAl\u00e9grate, llena de gracia, el Se\u00f1or est\u00e1 contigo\u00bb. Ella se conturb\u00f3 por estas palabras, y discurr\u00eda qu\u00e9 significar\u00eda aquel saludo.<br>30 El \u00e1ngel le dijo: \u00abNo temas, Mar\u00eda, porque has hallado gracia delante de Dios;<br>31 vas a concebir en el seno y vas a dar a luz un hijo, a quien pondr\u00e1s por nombre Jes\u00fas. \u00c9l ser\u00e1 grande y ser\u00e1 llamado Hijo del Alt\u00edsimo,<br>32 y el Se\u00f1or Dios le dar\u00e1 el trono de David, su padre;<br>33 reinar\u00e1 sobre la casa de Jacob por los siglos y su reino no tendr\u00e1 fin\u00bb.<br>34 Mar\u00eda respondi\u00f3 al \u00e1ngel: \u00ab\u00bfC\u00f3mo ser\u00e1 esto, puesto que no conozco var\u00f3n?\u00bb.<br>35 El \u00e1ngel le respondi\u00f3: \u00abEl Esp\u00edritu Santo vendr\u00e1 sobre ti y el poder del Alt\u00edsimo te cubrir\u00e1 con su sombra; por eso el que ha de nacer ser\u00e1 santo y ser\u00e1 llamado Hijo de Dios.<br>36 Mira, tambi\u00e9n Isabel, tu pariente, ha concebido un hijo en su vejez, y este es ya el sexto mes de aquella que llamaban est\u00e9ril,<br>37 porque ninguna cosa es imposible para Dios\u00bb.<br>38 Dijo Mar\u00eda: \u00abHe aqu\u00ed la esclava del Se\u00f1or; h\u00e1gase en m\u00ed seg\u00fan tu palabra\u00bb. Y el \u00e1ngel dej\u00e1ndola se fue.<\/p>\n\n\n\n<p class=\"has-vivid-red-color has-text-color\">Palabra del Se\u00f1or.<\/p>\n","protected":false},"excerpt":{"rendered":"<p>\u201c&#8230;Vas a concebir en el seno y vas a dar a luz un hijo, a quien pondr\u00e1s por nombre Jes\u00fas.\u201d<br \/>\nLc 1,31<\/p>\n","protected":false},"author":1,"featured_media":3281,"comment_status":"closed","ping_status":"closed","sticky":false,"template":"","format":"standard","meta":{"_et_pb_use_builder":"off","_et_pb_old_content":"","_et_gb_content_width":"1200","footnotes":""},"categories":[95],"tags":[],"class_list":["post-3280","post","type-post","status-publish","format-standard","has-post-thumbnail","hentry","category-evangelio-del-domingo"],"_links":{"self":[{"href":"https:\/\/franciscanas.org\/portal\/lamerica\/wp-json\/wp\/v2\/posts\/3280","targetHints":{"allow":["GET"]}}],"collection":[{"href":"https:\/\/franciscanas.org\/portal\/lamerica\/wp-json\/wp\/v2\/posts"}],"about":[{"href":"https:\/\/franciscanas.org\/portal\/lamerica\/wp-json\/wp\/v2\/types\/post"}],"author":[{"embeddable":true,"href":"https:\/\/franciscanas.org\/portal\/lamerica\/wp-json\/wp\/v2\/users\/1"}],"replies":[{"embeddable":true,"href":"https:\/\/franciscanas.org\/portal\/lamerica\/wp-json\/wp\/v2\/comments?post=3280"}],"version-history":[{"count":1,"href":"https:\/\/franciscanas.org\/portal\/lamerica\/wp-json\/wp\/v2\/posts\/3280\/revisions"}],"predecessor-version":[{"id":3282,"href":"https:\/\/franciscanas.org\/portal\/lamerica\/wp-json\/wp\/v2\/posts\/3280\/revisions\/3282"}],"wp:featuredmedia":[{"embeddable":true,"href":"https:\/\/franciscanas.org\/portal\/lamerica\/wp-json\/wp\/v2\/media\/3281"}],"wp:attachment":[{"href":"https:\/\/franciscanas.org\/portal\/lamerica\/wp-json\/wp\/v2\/media?parent=3280"}],"wp:term":[{"taxonomy":"category","embeddable":true,"href":"https:\/\/franciscanas.org\/portal\/lamerica\/wp-json\/wp\/v2\/categories?post=3280"},{"taxonomy":"post_tag","embeddable":true,"href":"https:\/\/franciscanas.org\/portal\/lamerica\/wp-json\/wp\/v2\/tags?post=3280"}],"curies":[{"name":"wp","href":"https:\/\/api.w.org\/{rel}","templated":true}]}}