{"id":3147,"date":"2023-12-15T20:30:00","date_gmt":"2023-12-16T01:30:00","guid":{"rendered":"https:\/\/franciscanas.org\/portal\/lamerica\/?p=3147"},"modified":"2023-11-27T14:01:07","modified_gmt":"2023-11-27T19:01:07","slug":"3er-domingo-de-adviento","status":"publish","type":"post","link":"https:\/\/franciscanas.org\/portal\/lamerica\/evangelio-del-domingo\/3er-domingo-de-adviento\/","title":{"rendered":"3er Domingo de Adviento"},"content":{"rendered":"\n<p class=\"has-vivid-red-color has-text-color\"><strong>Evangelio<\/strong> de Juan 1,6-8.19-28<\/p>\n\n\n\n<p>6 Hubo un hombre, enviado por Dios: se llamaba Juan.<br>7 \u00c9ste vino para un testimonio, para dar testimonio de la luz, para que todos creyeran por \u00c9l.<br>8 No era \u00e9l la luz, sino quien deb\u00eda dar testimonio de la luz.<br>19 Y \u00e9ste fue el testimonio de Juan, cuando los jud\u00edos enviaron donde \u00e9l desde Jerusal\u00e9n sacerdotes y levitas a preguntarle: \u00ab\u00bfQui\u00e9n eres t\u00fa?\u00bb.<br>20 \u00c9l confes\u00f3, y no neg\u00f3; confes\u00f3: \u00abYo no soy el Cristo\u00bb.<br>21 Y le preguntaron: \u00ab\u00bfQu\u00e9, pues? \u00bfEres t\u00fa El\u00edas?\u00bb. \u00c9l dijo: \u00abNo lo soy\u00bb. \u00ab\u00bfEres t\u00fa el profeta?\u00bb. Respondi\u00f3: \u00abNo\u00bb.<br>22 Entonces le dijeron: \u00ab\u00bfQui\u00e9n eres, pues, para que demos respuesta a los que nos han enviado? \u00bfQu\u00e9 dices de ti mismo?\u00bb.<br>23 Dijo \u00c9l: \u00abYo soy voz del que clama en el desierto: \u2018Rectificad el camino del Se\u00f1or\u2019, como dijo el profeta Isa\u00edas\u00bb.<br>24 Los enviados eran fariseos.<br>25 Y le preguntaron: \u00ab\u00bfPor qu\u00e9, pues, bautizas, si no eres t\u00fa el Cristo, ni El\u00edas, ni el profeta?\u00bb.<br>26 Juan les respondi\u00f3: \u00abYo bautizo con agua, pero en medio de vosotros est\u00e1 uno a quien no conoc\u00e9is,<br>27 que viene detr\u00e1s de m\u00ed, a quien yo no soy digno de desatarle la correa de su sandalia\u00bb.<br>28 Esto ocurri\u00f3 en Betania, al otro lado del Jord\u00e1n, donde estaba Juan bautizando.<\/p>\n\n\n\n<p class=\"has-vivid-red-color has-text-color\">Palabra del Se\u00f1or.<\/p>\n\n\n\n<p><\/p>\n","protected":false},"excerpt":{"rendered":"<p>\u201c\u00c9ste vino para un testimonio, para dar testimonio de la luz&#8230;\u201d (Jn 1, 7 )<\/p>\n","protected":false},"author":1,"featured_media":3153,"comment_status":"closed","ping_status":"closed","sticky":false,"template":"","format":"standard","meta":{"_et_pb_use_builder":"off","_et_pb_old_content":"","_et_gb_content_width":"1200","footnotes":""},"categories":[95],"tags":[],"class_list":["post-3147","post","type-post","status-publish","format-standard","has-post-thumbnail","hentry","category-evangelio-del-domingo"],"_links":{"self":[{"href":"https:\/\/franciscanas.org\/portal\/lamerica\/wp-json\/wp\/v2\/posts\/3147","targetHints":{"allow":["GET"]}}],"collection":[{"href":"https:\/\/franciscanas.org\/portal\/lamerica\/wp-json\/wp\/v2\/posts"}],"about":[{"href":"https:\/\/franciscanas.org\/portal\/lamerica\/wp-json\/wp\/v2\/types\/post"}],"author":[{"embeddable":true,"href":"https:\/\/franciscanas.org\/portal\/lamerica\/wp-json\/wp\/v2\/users\/1"}],"replies":[{"embeddable":true,"href":"https:\/\/franciscanas.org\/portal\/lamerica\/wp-json\/wp\/v2\/comments?post=3147"}],"version-history":[{"count":3,"href":"https:\/\/franciscanas.org\/portal\/lamerica\/wp-json\/wp\/v2\/posts\/3147\/revisions"}],"predecessor-version":[{"id":3154,"href":"https:\/\/franciscanas.org\/portal\/lamerica\/wp-json\/wp\/v2\/posts\/3147\/revisions\/3154"}],"wp:featuredmedia":[{"embeddable":true,"href":"https:\/\/franciscanas.org\/portal\/lamerica\/wp-json\/wp\/v2\/media\/3153"}],"wp:attachment":[{"href":"https:\/\/franciscanas.org\/portal\/lamerica\/wp-json\/wp\/v2\/media?parent=3147"}],"wp:term":[{"taxonomy":"category","embeddable":true,"href":"https:\/\/franciscanas.org\/portal\/lamerica\/wp-json\/wp\/v2\/categories?post=3147"},{"taxonomy":"post_tag","embeddable":true,"href":"https:\/\/franciscanas.org\/portal\/lamerica\/wp-json\/wp\/v2\/tags?post=3147"}],"curies":[{"name":"wp","href":"https:\/\/api.w.org\/{rel}","templated":true}]}}