{"id":3144,"date":"2023-12-08T20:30:00","date_gmt":"2023-12-09T01:30:00","guid":{"rendered":"https:\/\/franciscanas.org\/portal\/lamerica\/?p=3144"},"modified":"2023-11-27T13:10:06","modified_gmt":"2023-11-27T18:10:06","slug":"2o-domingo-del-tiampo-ordinario","status":"publish","type":"post","link":"https:\/\/franciscanas.org\/portal\/lamerica\/evangelio-del-domingo\/2o-domingo-del-tiampo-ordinario\/","title":{"rendered":"2\u00ba Domingo de Adviento"},"content":{"rendered":"\n<p class=\"has-vivid-red-color has-text-color\"><strong>Evangelio <\/strong>de Marcos 1,1-8<\/p>\n\n\n\n<p>1 Comienzo del Evangelio de Jesucristo, Hijo de Dios.<br>2 Conforme est\u00e1 escrito en Isa\u00edas el profeta: \u00abMira, env\u00edo mi mensajero delante de ti, el que ha de preparar tu camino.<br>3 Voz del que clama en el desierto: Preparad el camino del Se\u00f1or, enderezad sus sendas\u00bb.<br>4 Apareci\u00f3 Juan bautizando en el desierto, proclamando un bautismo de conversi\u00f3n para el perd\u00f3n de los pecados.<br>5 Acud\u00eda a \u00e9l gente de toda la regi\u00f3n de Judea y todos los de Jerusal\u00e9n, y eran bautizados por \u00e9l en el r\u00edo Jord\u00e1n, confesando sus pecados.<br>6 Juan llevaba un vestido de piel de camello; y se alimentaba de langostas y miel silvestre.<br>7 Y proclamaba: \u00abDetr\u00e1s de m\u00ed viene el que es m\u00e1s fuerte que yo; y no soy digno de desatarle, inclin\u00e1ndome, la correa de sus sandalias.<br>8 Yo os he bautizado con agua, pero \u00c9l os bautizar\u00e1 con Esp\u00edritu Santo\u00bb.<\/p>\n\n\n\n<p class=\"has-vivid-red-color has-text-color\">Palabra del Se\u00f1or.<\/p>\n","protected":false},"excerpt":{"rendered":"<p>\u201cPreparad el camino del Se\u00f1or, enderezad sus sendas.\u201d Mc 1, 13<\/p>\n","protected":false},"author":1,"featured_media":3146,"comment_status":"closed","ping_status":"closed","sticky":false,"template":"","format":"standard","meta":{"_et_pb_use_builder":"off","_et_pb_old_content":"","_et_gb_content_width":"1200","footnotes":""},"categories":[95],"tags":[],"class_list":["post-3144","post","type-post","status-publish","format-standard","has-post-thumbnail","hentry","category-evangelio-del-domingo"],"_links":{"self":[{"href":"https:\/\/franciscanas.org\/portal\/lamerica\/wp-json\/wp\/v2\/posts\/3144","targetHints":{"allow":["GET"]}}],"collection":[{"href":"https:\/\/franciscanas.org\/portal\/lamerica\/wp-json\/wp\/v2\/posts"}],"about":[{"href":"https:\/\/franciscanas.org\/portal\/lamerica\/wp-json\/wp\/v2\/types\/post"}],"author":[{"embeddable":true,"href":"https:\/\/franciscanas.org\/portal\/lamerica\/wp-json\/wp\/v2\/users\/1"}],"replies":[{"embeddable":true,"href":"https:\/\/franciscanas.org\/portal\/lamerica\/wp-json\/wp\/v2\/comments?post=3144"}],"version-history":[{"count":2,"href":"https:\/\/franciscanas.org\/portal\/lamerica\/wp-json\/wp\/v2\/posts\/3144\/revisions"}],"predecessor-version":[{"id":3149,"href":"https:\/\/franciscanas.org\/portal\/lamerica\/wp-json\/wp\/v2\/posts\/3144\/revisions\/3149"}],"wp:featuredmedia":[{"embeddable":true,"href":"https:\/\/franciscanas.org\/portal\/lamerica\/wp-json\/wp\/v2\/media\/3146"}],"wp:attachment":[{"href":"https:\/\/franciscanas.org\/portal\/lamerica\/wp-json\/wp\/v2\/media?parent=3144"}],"wp:term":[{"taxonomy":"category","embeddable":true,"href":"https:\/\/franciscanas.org\/portal\/lamerica\/wp-json\/wp\/v2\/categories?post=3144"},{"taxonomy":"post_tag","embeddable":true,"href":"https:\/\/franciscanas.org\/portal\/lamerica\/wp-json\/wp\/v2\/tags?post=3144"}],"curies":[{"name":"wp","href":"https:\/\/api.w.org\/{rel}","templated":true}]}}