{"id":3137,"date":"2023-12-01T20:30:00","date_gmt":"2023-12-02T01:30:00","guid":{"rendered":"https:\/\/franciscanas.org\/portal\/lamerica\/?p=3137"},"modified":"2023-11-27T12:33:28","modified_gmt":"2023-11-27T17:33:28","slug":"1er-domingo-del-adviento","status":"publish","type":"post","link":"https:\/\/franciscanas.org\/portal\/lamerica\/evangelio-del-domingo\/1er-domingo-del-adviento\/","title":{"rendered":"1er Domingo del Adviento"},"content":{"rendered":"\n<p class=\"has-vivid-red-color has-text-color\"><strong>Evangelio<\/strong> de Marcos 13,33-37<\/p>\n\n\n\n<p>En aquel tiempo, dec\u00eda Jes\u00fas a sus disc\u00edpulos:<br>33 \u00abEstad atentos y vigilad, porque ignor\u00e1is cu\u00e1ndo ser\u00e1 el momento.<br>34 Al igual que un hombre que se ausenta deja su casa, da atribuciones a sus siervos, a cada uno su trabajo, y ordena al portero que vele;<br>35 velad, por tanto, ya que no sab\u00e9is cu\u00e1ndo viene el due\u00f1o de la casa, si al atardecer, o a media noche, o al cantar del gallo, o de madrugada.<br>36 No sea que llegue de improviso y os encuentre dormidos.<br>37 Lo que a vosotros digo, a todos lo digo: \u00a1Velad!\u00bb.<\/p>\n\n\n\n<p class=\"has-vivid-red-color has-text-color\">Palabra del Se\u00f1or.<\/p>\n\n\n\n<p><\/p>\n\n\n\n<p><\/p>\n","protected":false},"excerpt":{"rendered":"<p>\u201cEstad atentos y vigilad, porque ignor\u00e1is cu\u00e1ndo ser\u00e1 el momento.\u201d<br \/>\n(Mc 13, 33)<\/p>\n","protected":false},"author":1,"featured_media":3142,"comment_status":"closed","ping_status":"closed","sticky":false,"template":"","format":"standard","meta":{"_et_pb_use_builder":"off","_et_pb_old_content":"","_et_gb_content_width":"1200","footnotes":""},"categories":[95],"tags":[],"class_list":["post-3137","post","type-post","status-publish","format-standard","has-post-thumbnail","hentry","category-evangelio-del-domingo"],"_links":{"self":[{"href":"https:\/\/franciscanas.org\/portal\/lamerica\/wp-json\/wp\/v2\/posts\/3137","targetHints":{"allow":["GET"]}}],"collection":[{"href":"https:\/\/franciscanas.org\/portal\/lamerica\/wp-json\/wp\/v2\/posts"}],"about":[{"href":"https:\/\/franciscanas.org\/portal\/lamerica\/wp-json\/wp\/v2\/types\/post"}],"author":[{"embeddable":true,"href":"https:\/\/franciscanas.org\/portal\/lamerica\/wp-json\/wp\/v2\/users\/1"}],"replies":[{"embeddable":true,"href":"https:\/\/franciscanas.org\/portal\/lamerica\/wp-json\/wp\/v2\/comments?post=3137"}],"version-history":[{"count":3,"href":"https:\/\/franciscanas.org\/portal\/lamerica\/wp-json\/wp\/v2\/posts\/3137\/revisions"}],"predecessor-version":[{"id":3143,"href":"https:\/\/franciscanas.org\/portal\/lamerica\/wp-json\/wp\/v2\/posts\/3137\/revisions\/3143"}],"wp:featuredmedia":[{"embeddable":true,"href":"https:\/\/franciscanas.org\/portal\/lamerica\/wp-json\/wp\/v2\/media\/3142"}],"wp:attachment":[{"href":"https:\/\/franciscanas.org\/portal\/lamerica\/wp-json\/wp\/v2\/media?parent=3137"}],"wp:term":[{"taxonomy":"category","embeddable":true,"href":"https:\/\/franciscanas.org\/portal\/lamerica\/wp-json\/wp\/v2\/categories?post=3137"},{"taxonomy":"post_tag","embeddable":true,"href":"https:\/\/franciscanas.org\/portal\/lamerica\/wp-json\/wp\/v2\/tags?post=3137"}],"curies":[{"name":"wp","href":"https:\/\/api.w.org\/{rel}","templated":true}]}}