{"id":3132,"date":"2023-11-27T06:37:08","date_gmt":"2023-11-27T11:37:08","guid":{"rendered":"https:\/\/franciscanas.org\/portal\/lamerica\/?p=3132"},"modified":"2023-11-27T06:37:09","modified_gmt":"2023-11-27T11:37:09","slug":"34o-domingo-del-tiempo-ordinario","status":"publish","type":"post","link":"https:\/\/franciscanas.org\/portal\/lamerica\/evangelio-del-domingo\/34o-domingo-del-tiempo-ordinario\/","title":{"rendered":"34\u00ba Domingo del Tiempo Ordinario"},"content":{"rendered":"\n<p class=\"has-vivid-red-color has-text-color\"><strong>Evangelio<\/strong> de Mateo 25,31-46<\/p>\n\n\n\n<p>En aquel tiempo, Jes\u00fas dijo a sus disc\u00edpulos:<br>31 \u00abCuando el Hijo del hombre venga en su gloria acompa\u00f1ado de todos sus \u00e1ngeles, entonces se sentar\u00e1 en su trono de gloria.<br>32 Ser\u00e1n congregadas delante de \u00c9l todas las naciones,<br>33 y \u00c9l separar\u00e1 a los unos de los otros, como el pastor separa las ovejas de los cabritos. Pondr\u00e1 las ovejas a su derecha, y los cabritos a su izquierda.<br>34 \u00bbEntonces dir\u00e1 el Rey a los de su derecha: \u2018Venid, benditos de mi Padre, recibid la herencia del Reino preparado para vosotros desde la creaci\u00f3n del mundo.<br>35 Porque tuve hambre, y me disteis de comer; tuve sed, y me disteis de beber; era forastero, y me acogisteis;<br>36 estaba desnudo, y me vestisteis; enfermo, y me visitasteis; en la c\u00e1rcel, y vinisteis a verme\u2019. 37 Entonces los justos le responder\u00e1n: \u2018Se\u00f1or, 38 \u00bfcu\u00e1ndo te vimos hambriento, y te dimos de comer; o sediento, y te dimos de beber?\u2019.<br>39 \u00bfCu\u00e1ndo te vimos forastero, y te acogimos; o desnudo, y te vestimos? \u00bfCu\u00e1ndo te vimos enfermo o en la c\u00e1rcel, y fuimos a verte?\u2019.<br>40 Y el Rey les dir\u00e1: \u2018En verdad os digo que cuanto hicisteis a unos de estos hermanos m\u00edos m\u00e1s peque\u00f1os, a m\u00ed me lo hicisteis\u2019.<br>41 \u00bbEntonces dir\u00e1 tambi\u00e9n a los de su izquierda: \u2018Apartaos de m\u00ed, malditos, al fuego eterno preparado para el Diablo y sus \u00e1ngeles.<br>42 Porque tuve hambre, y no me disteis de comer; tuve sed, y no me disteis de beber;<br>43 era forastero, y no me acogisteis; estaba desnudo, y no me vestisteis; enfermo y en la c\u00e1rcel, y no me visitasteis\u2019.<br>44 Entonces dir\u00e1n tambi\u00e9n \u00e9stos: \u2018Se\u00f1or, \u00bfcu\u00e1ndo te vimos hambriento o sediento o forastero o desnudo o enfermo o en la c\u00e1rcel, y no te asistimos?\u2019.<br>45 Y \u00c9l entonces les responder\u00e1: \u2018En verdad os digo que cuanto dejasteis de hacer con uno de estos m\u00e1s peque\u00f1os, tambi\u00e9n conmigo dejasteis de hacerlo\u2019.<br>46 E ir\u00e1n \u00e9stos a un castigo eterno, y los justos a una vida eterna\u00bb.<\/p>\n\n\n\n<p class=\"has-vivid-red-color has-text-color\">Palabra del Se\u00f1or.<\/p>\n","protected":false},"excerpt":{"rendered":"<p>\u201cVenid, benditos de mi Padre, recibid la herencia del Reino&#8230;\u201d (Mt 25, 34)<\/p>\n","protected":false},"author":1,"featured_media":3133,"comment_status":"closed","ping_status":"closed","sticky":false,"template":"","format":"standard","meta":{"_et_pb_use_builder":"off","_et_pb_old_content":"","_et_gb_content_width":"1200","footnotes":""},"categories":[95],"tags":[],"class_list":["post-3132","post","type-post","status-publish","format-standard","has-post-thumbnail","hentry","category-evangelio-del-domingo"],"_links":{"self":[{"href":"https:\/\/franciscanas.org\/portal\/lamerica\/wp-json\/wp\/v2\/posts\/3132","targetHints":{"allow":["GET"]}}],"collection":[{"href":"https:\/\/franciscanas.org\/portal\/lamerica\/wp-json\/wp\/v2\/posts"}],"about":[{"href":"https:\/\/franciscanas.org\/portal\/lamerica\/wp-json\/wp\/v2\/types\/post"}],"author":[{"embeddable":true,"href":"https:\/\/franciscanas.org\/portal\/lamerica\/wp-json\/wp\/v2\/users\/1"}],"replies":[{"embeddable":true,"href":"https:\/\/franciscanas.org\/portal\/lamerica\/wp-json\/wp\/v2\/comments?post=3132"}],"version-history":[{"count":1,"href":"https:\/\/franciscanas.org\/portal\/lamerica\/wp-json\/wp\/v2\/posts\/3132\/revisions"}],"predecessor-version":[{"id":3134,"href":"https:\/\/franciscanas.org\/portal\/lamerica\/wp-json\/wp\/v2\/posts\/3132\/revisions\/3134"}],"wp:featuredmedia":[{"embeddable":true,"href":"https:\/\/franciscanas.org\/portal\/lamerica\/wp-json\/wp\/v2\/media\/3133"}],"wp:attachment":[{"href":"https:\/\/franciscanas.org\/portal\/lamerica\/wp-json\/wp\/v2\/media?parent=3132"}],"wp:term":[{"taxonomy":"category","embeddable":true,"href":"https:\/\/franciscanas.org\/portal\/lamerica\/wp-json\/wp\/v2\/categories?post=3132"},{"taxonomy":"post_tag","embeddable":true,"href":"https:\/\/franciscanas.org\/portal\/lamerica\/wp-json\/wp\/v2\/tags?post=3132"}],"curies":[{"name":"wp","href":"https:\/\/api.w.org\/{rel}","templated":true}]}}