{"id":3105,"date":"2023-11-03T20:30:00","date_gmt":"2023-11-04T01:30:00","guid":{"rendered":"https:\/\/franciscanas.org\/portal\/lamerica\/?p=3105"},"modified":"2023-11-05T10:11:23","modified_gmt":"2023-11-05T15:11:23","slug":"31o-domingo-del-tiempo-ordinario-2","status":"publish","type":"post","link":"https:\/\/franciscanas.org\/portal\/lamerica\/evangelio-del-domingo\/31o-domingo-del-tiempo-ordinario-2\/","title":{"rendered":"31\u00ba Domingo del Tiempo Ordinario"},"content":{"rendered":"\n<p class=\"has-vivid-red-color has-text-color\"><strong>Evangelio<\/strong> de Mateo 23, 1-12<\/p>\n\n\n\n<p class=\"has-black-color has-text-color\">En aquel tiempo,<br>1 Jes\u00fas se dirigi\u00f3 a la gente y a sus disc\u00edpulos y les dijo:<br>2 \u00abEn la c\u00e1tedra de Mois\u00e9s se han sentado los escribas y los fariseos.<br>3 Haced, pues, y observad todo lo que os digan; pero no imit\u00e9is su conducta, porque dicen y no hacen.<br>4 Atan cargas pesadas y las echan a las espaldas de la gente, pero ellos ni con el dedo quieren moverlas.<br>5 Todas sus obras las hacen para ser vistos por los hombres; se hacen bien anchas las filacterias y bien largas las orlas del manto; quieren el primer puesto en los banquetes y los primeros asientos en las sinagogas, que se les salude en las plazas y que la gente les llame \u201cRabb\u00ed\u201d.<br>6 \u00bbVosotros, en cambio, no os dej\u00e9is llamar \u201cRabb\u00ed\u201d, porque uno solo es vuestro Maestro;<br>7 y vosotros sois todos hermanos.<br>8 Ni llam\u00e9is a nadie \u201cPadre\u201d vuestro en la tierra, porque uno solo es vuestro Padre: el del cielo.<br>9 Ni tampoco os dej\u00e9is llamar \u201cDirectores\u201d, porque uno solo es vuestro Director:<br>10 el Cristo. El mayor entre vosotros ser\u00e1 vuestro servidor.<br>11 Pues el que se ensalce, ser\u00e1 humillado;<br>12 y el que se humille, ser\u00e1 ensalzado\u00bb.<\/p>\n\n\n\n<p class=\"has-vivid-red-color has-text-color\">Palabra del Se\u00f1or.<\/p>\n\n\n\n<p><\/p>\n","protected":false},"excerpt":{"rendered":"<p>Evangelio de Mateo 23, 1-12 En aquel tiempo,1 Jes\u00fas se dirigi\u00f3 a la gente y a sus disc\u00edpulos y les dijo:2 \u00abEn la c\u00e1tedra de Mois\u00e9s se han sentado los escribas y los fariseos.3 Haced, pues, y observad todo lo que os digan; pero no imit\u00e9is su conducta, porque dicen y no hacen.4 Atan cargas [&hellip;]<\/p>\n","protected":false},"author":1,"featured_media":3108,"comment_status":"closed","ping_status":"closed","sticky":false,"template":"","format":"standard","meta":{"_et_pb_use_builder":"off","_et_pb_old_content":"","_et_gb_content_width":"1200","footnotes":""},"categories":[95],"tags":[],"class_list":["post-3105","post","type-post","status-publish","format-standard","has-post-thumbnail","hentry","category-evangelio-del-domingo"],"_links":{"self":[{"href":"https:\/\/franciscanas.org\/portal\/lamerica\/wp-json\/wp\/v2\/posts\/3105","targetHints":{"allow":["GET"]}}],"collection":[{"href":"https:\/\/franciscanas.org\/portal\/lamerica\/wp-json\/wp\/v2\/posts"}],"about":[{"href":"https:\/\/franciscanas.org\/portal\/lamerica\/wp-json\/wp\/v2\/types\/post"}],"author":[{"embeddable":true,"href":"https:\/\/franciscanas.org\/portal\/lamerica\/wp-json\/wp\/v2\/users\/1"}],"replies":[{"embeddable":true,"href":"https:\/\/franciscanas.org\/portal\/lamerica\/wp-json\/wp\/v2\/comments?post=3105"}],"version-history":[{"count":1,"href":"https:\/\/franciscanas.org\/portal\/lamerica\/wp-json\/wp\/v2\/posts\/3105\/revisions"}],"predecessor-version":[{"id":3107,"href":"https:\/\/franciscanas.org\/portal\/lamerica\/wp-json\/wp\/v2\/posts\/3105\/revisions\/3107"}],"wp:featuredmedia":[{"embeddable":true,"href":"https:\/\/franciscanas.org\/portal\/lamerica\/wp-json\/wp\/v2\/media\/3108"}],"wp:attachment":[{"href":"https:\/\/franciscanas.org\/portal\/lamerica\/wp-json\/wp\/v2\/media?parent=3105"}],"wp:term":[{"taxonomy":"category","embeddable":true,"href":"https:\/\/franciscanas.org\/portal\/lamerica\/wp-json\/wp\/v2\/categories?post=3105"},{"taxonomy":"post_tag","embeddable":true,"href":"https:\/\/franciscanas.org\/portal\/lamerica\/wp-json\/wp\/v2\/tags?post=3105"}],"curies":[{"name":"wp","href":"https:\/\/api.w.org\/{rel}","templated":true}]}}