{"id":2894,"date":"2023-10-27T12:30:00","date_gmt":"2023-10-27T17:30:00","guid":{"rendered":"https:\/\/franciscanas.org\/portal\/lamerica\/?p=2894"},"modified":"2023-10-16T19:46:55","modified_gmt":"2023-10-17T00:46:55","slug":"30-domingo-del-tiempo-ordinario","status":"publish","type":"post","link":"https:\/\/franciscanas.org\/portal\/lamerica\/evangelio-del-domingo\/30-domingo-del-tiempo-ordinario\/","title":{"rendered":"30\u00b0 Domingo del Tiempo Ordinario"},"content":{"rendered":"\n<p class=\"has-vivid-red-color has-text-color\"><strong>EVANGELIO<\/strong> de Mateo 22, 34-40<\/p>\n\n\n\n<p class=\"has-black-color has-text-color\">En aquel tiempo,<br>34 cuando oyeron los fariseos que Jes\u00fas hab\u00eda hecho callar a los saduceos, se reunieron en grupo,<br>35 y uno de ellos le pregunt\u00f3 con \u00e1nimo de ponerle a prueba:<br>36 \u00abMaestro, \u00bfcu\u00e1l es el mandamiento mayor de la Ley?\u00bb.<br>36 \u00c9l le dijo: \u2018Amar\u00e1s al Se\u00f1or, tu Dios, con todo tu coraz\u00f3n, con toda tu alma y con toda tu mente\u2019.<br>38 \u00c9ste es el mayor y el primer mandamiento. El segundo es semejante a \u00e9ste:<br>39 \u2018Amar\u00e1s a tu pr\u00f3jimo como a ti mismo\u2019.<br>40 De estos dos mandamientos penden toda la Ley y los Profetas\u00bb.<\/p>\n\n\n\n<p class=\"has-vivid-red-color has-text-color\">Palabra del Se\u00f1or.<\/p>\n","protected":false},"excerpt":{"rendered":"<p>\u00bfCu\u00e1l es el mandamiento mayor?<\/p>\n","protected":false},"author":1,"featured_media":3028,"comment_status":"closed","ping_status":"closed","sticky":false,"template":"","format":"standard","meta":{"_et_pb_use_builder":"off","_et_pb_old_content":"","_et_gb_content_width":"1200","footnotes":""},"categories":[95],"tags":[],"class_list":["post-2894","post","type-post","status-publish","format-standard","has-post-thumbnail","hentry","category-evangelio-del-domingo"],"_links":{"self":[{"href":"https:\/\/franciscanas.org\/portal\/lamerica\/wp-json\/wp\/v2\/posts\/2894","targetHints":{"allow":["GET"]}}],"collection":[{"href":"https:\/\/franciscanas.org\/portal\/lamerica\/wp-json\/wp\/v2\/posts"}],"about":[{"href":"https:\/\/franciscanas.org\/portal\/lamerica\/wp-json\/wp\/v2\/types\/post"}],"author":[{"embeddable":true,"href":"https:\/\/franciscanas.org\/portal\/lamerica\/wp-json\/wp\/v2\/users\/1"}],"replies":[{"embeddable":true,"href":"https:\/\/franciscanas.org\/portal\/lamerica\/wp-json\/wp\/v2\/comments?post=2894"}],"version-history":[{"count":3,"href":"https:\/\/franciscanas.org\/portal\/lamerica\/wp-json\/wp\/v2\/posts\/2894\/revisions"}],"predecessor-version":[{"id":3027,"href":"https:\/\/franciscanas.org\/portal\/lamerica\/wp-json\/wp\/v2\/posts\/2894\/revisions\/3027"}],"wp:featuredmedia":[{"embeddable":true,"href":"https:\/\/franciscanas.org\/portal\/lamerica\/wp-json\/wp\/v2\/media\/3028"}],"wp:attachment":[{"href":"https:\/\/franciscanas.org\/portal\/lamerica\/wp-json\/wp\/v2\/media?parent=2894"}],"wp:term":[{"taxonomy":"category","embeddable":true,"href":"https:\/\/franciscanas.org\/portal\/lamerica\/wp-json\/wp\/v2\/categories?post=2894"},{"taxonomy":"post_tag","embeddable":true,"href":"https:\/\/franciscanas.org\/portal\/lamerica\/wp-json\/wp\/v2\/tags?post=2894"}],"curies":[{"name":"wp","href":"https:\/\/api.w.org\/{rel}","templated":true}]}}