{"id":2892,"date":"2023-10-20T20:30:00","date_gmt":"2023-10-21T01:30:00","guid":{"rendered":"https:\/\/franciscanas.org\/portal\/lamerica\/?p=2892"},"modified":"2023-10-16T19:49:20","modified_gmt":"2023-10-17T00:49:20","slug":"29o-domingo-del-tiempo-ordinario","status":"publish","type":"post","link":"https:\/\/franciscanas.org\/portal\/lamerica\/evangelio-del-domingo\/29o-domingo-del-tiempo-ordinario\/","title":{"rendered":"29\u00ba Domingo del Tiempo Ordinario"},"content":{"rendered":"\n<p class=\"has-vivid-red-color has-text-color\"><strong>EVANGELIO <\/strong>de Mateo 22,15-21<\/p>\n\n\n\n<p>En aquel tiempo,<br>15 los fariseos se fueron y celebraron consejo sobre la forma de sorprenderle en alguna palabra.<br>16 Y le env\u00edan sus disc\u00edpulos, junto con los herodianos, a decirle: \u00abMaestro, sabemos que eres veraz y que ense\u00f1as el camino de Dios con franqueza y que no te importa por nadie, porque no miras la condici\u00f3n de las personas.<br>17 Dinos, pues, qu\u00e9 te parece, \u00bfes l\u00edcito pagar tributo al C\u00e9sar o no?\u00bb.<br>18 Mas Jes\u00fas, conociendo su malicia, dijo: \u00abHip\u00f3critas, \u00bfpor qu\u00e9 me tent\u00e1is?<br>19 Mostradme la moneda del tributo\u00bb. Ellos le presentaron un denario.<br>20 Y les dice: \u00ab\u00bfDe qui\u00e9n es esta imagen y la inscripci\u00f3n?\u00bb.<br>21 D\u00edcenle: \u00abDel C\u00e9sar\u00bb. Entonces les dice: \u00abPues lo del C\u00e9sar devolv\u00e9dselo al C\u00e9sar, y lo de Dios a Dios\u00bb.<\/p>\n\n\n\n<p class=\"has-vivid-red-color has-text-color\">Palabra del Se\u00f1or. <\/p>\n\n\n\n<p><\/p>\n","protected":false},"excerpt":{"rendered":"<p>Pues lo del C\u00e9sar devolv\u00e9dselo al C\u00e9sar, y lo de Dios a Dios.<\/p>\n","protected":false},"author":1,"featured_media":3029,"comment_status":"closed","ping_status":"closed","sticky":false,"template":"","format":"standard","meta":{"_et_pb_use_builder":"off","_et_pb_old_content":"","_et_gb_content_width":"1200","footnotes":""},"categories":[95],"tags":[],"class_list":["post-2892","post","type-post","status-publish","format-standard","has-post-thumbnail","hentry","category-evangelio-del-domingo"],"_links":{"self":[{"href":"https:\/\/franciscanas.org\/portal\/lamerica\/wp-json\/wp\/v2\/posts\/2892","targetHints":{"allow":["GET"]}}],"collection":[{"href":"https:\/\/franciscanas.org\/portal\/lamerica\/wp-json\/wp\/v2\/posts"}],"about":[{"href":"https:\/\/franciscanas.org\/portal\/lamerica\/wp-json\/wp\/v2\/types\/post"}],"author":[{"embeddable":true,"href":"https:\/\/franciscanas.org\/portal\/lamerica\/wp-json\/wp\/v2\/users\/1"}],"replies":[{"embeddable":true,"href":"https:\/\/franciscanas.org\/portal\/lamerica\/wp-json\/wp\/v2\/comments?post=2892"}],"version-history":[{"count":2,"href":"https:\/\/franciscanas.org\/portal\/lamerica\/wp-json\/wp\/v2\/posts\/2892\/revisions"}],"predecessor-version":[{"id":3023,"href":"https:\/\/franciscanas.org\/portal\/lamerica\/wp-json\/wp\/v2\/posts\/2892\/revisions\/3023"}],"wp:featuredmedia":[{"embeddable":true,"href":"https:\/\/franciscanas.org\/portal\/lamerica\/wp-json\/wp\/v2\/media\/3029"}],"wp:attachment":[{"href":"https:\/\/franciscanas.org\/portal\/lamerica\/wp-json\/wp\/v2\/media?parent=2892"}],"wp:term":[{"taxonomy":"category","embeddable":true,"href":"https:\/\/franciscanas.org\/portal\/lamerica\/wp-json\/wp\/v2\/categories?post=2892"},{"taxonomy":"post_tag","embeddable":true,"href":"https:\/\/franciscanas.org\/portal\/lamerica\/wp-json\/wp\/v2\/tags?post=2892"}],"curies":[{"name":"wp","href":"https:\/\/api.w.org\/{rel}","templated":true}]}}