{"id":2888,"date":"2023-10-13T12:30:00","date_gmt":"2023-10-13T17:30:00","guid":{"rendered":"https:\/\/franciscanas.org\/portal\/lamerica\/?p=2888"},"modified":"2023-10-04T15:32:04","modified_gmt":"2023-10-04T20:32:04","slug":"28o-domingo-del-tiempo-ordinario","status":"publish","type":"post","link":"https:\/\/franciscanas.org\/portal\/lamerica\/evangelio-del-domingo\/28o-domingo-del-tiempo-ordinario\/","title":{"rendered":"28\u00ba Domingo del Tiempo Ordinario"},"content":{"rendered":"\n<p class=\"has-vivid-red-color has-text-color\"><strong>EVANGELIO<\/strong> Mateo 22, 1-14<\/p>\n\n\n\n<p>En aquel tiempo,<br>1 tomando Jes\u00fas de nuevo la palabra les habl\u00f3 en par\u00e1bolas, diciendo:<br>2 \u00abEl Reino de los Cielos es semejante a un rey que celebr\u00f3 el banquete de bodas de su hijo.<br>3 Envi\u00f3 sus siervos a llamar a los invitados a la boda, pero no quisieron venir.<br>4 Envi\u00f3 todav\u00eda otros siervos, con este encargo: Decid a los invitados: \u2018Mirad, mi banquete est\u00e1 preparado, se han matado ya mis novillos y animales cebados, y todo est\u00e1 a punto; venid a la boda\u2019.<br>5 Pero ellos, sin hacer caso, se fueron el uno a su campo, el otro a su negocio;<br>6 y los dem\u00e1s agarraron a los siervos, los escarnecieron y los mataron.<br>7 Se air\u00f3 el rey y, enviando sus tropas, dio muerte a aquellos homicidas y prendi\u00f3 fuego a su ciudad.<br>8 Entonces dice a sus siervos: \u2018La boda est\u00e1 preparada, pero los invitados no eran dignos.<br>9 Id, pues, a los cruces de los caminos y, a cuantos encontr\u00e9is, invitadlos a la boda\u2019.<br>10 Los siervos salieron a los caminos, reunieron a todos los que encontraron, malos y buenos, y la sala de bodas se llen\u00f3 de comensales.<br>11 Entr\u00f3 el rey a ver a los comensales, y al notar que hab\u00eda all\u00ed uno que no ten\u00eda traje de boda,<br>12 le dice: \u2018Amigo, \u00bfc\u00f3mo has entrado aqu\u00ed sin traje de boda?\u2019. \u00c9l se qued\u00f3 callado.<br>13 Entonces el rey dijo a los sirvientes: \u2018Atadle de pies y manos, y echadle a las tinieblas de fuera; all\u00ed ser\u00e1 el llanto y el rechinar de dientes\u2019.<br>14 Porque muchos son llamados, mas pocos escogidos\u00bb.<\/p>\n\n\n\n<p class=\"has-vivid-red-color has-text-color\">Palabra del Se\u00f1or.<\/p>\n\n\n\n<p><\/p>\n\n\n\n<p><\/p>\n","protected":false},"excerpt":{"rendered":"<p>Venid a la boda.<\/p>\n","protected":false},"author":1,"featured_media":2889,"comment_status":"closed","ping_status":"closed","sticky":false,"template":"","format":"standard","meta":{"_et_pb_use_builder":"off","_et_pb_old_content":"","_et_gb_content_width":"1200","footnotes":""},"categories":[95],"tags":[],"class_list":["post-2888","post","type-post","status-publish","format-standard","has-post-thumbnail","hentry","category-evangelio-del-domingo"],"_links":{"self":[{"href":"https:\/\/franciscanas.org\/portal\/lamerica\/wp-json\/wp\/v2\/posts\/2888","targetHints":{"allow":["GET"]}}],"collection":[{"href":"https:\/\/franciscanas.org\/portal\/lamerica\/wp-json\/wp\/v2\/posts"}],"about":[{"href":"https:\/\/franciscanas.org\/portal\/lamerica\/wp-json\/wp\/v2\/types\/post"}],"author":[{"embeddable":true,"href":"https:\/\/franciscanas.org\/portal\/lamerica\/wp-json\/wp\/v2\/users\/1"}],"replies":[{"embeddable":true,"href":"https:\/\/franciscanas.org\/portal\/lamerica\/wp-json\/wp\/v2\/comments?post=2888"}],"version-history":[{"count":2,"href":"https:\/\/franciscanas.org\/portal\/lamerica\/wp-json\/wp\/v2\/posts\/2888\/revisions"}],"predecessor-version":[{"id":2891,"href":"https:\/\/franciscanas.org\/portal\/lamerica\/wp-json\/wp\/v2\/posts\/2888\/revisions\/2891"}],"wp:featuredmedia":[{"embeddable":true,"href":"https:\/\/franciscanas.org\/portal\/lamerica\/wp-json\/wp\/v2\/media\/2889"}],"wp:attachment":[{"href":"https:\/\/franciscanas.org\/portal\/lamerica\/wp-json\/wp\/v2\/media?parent=2888"}],"wp:term":[{"taxonomy":"category","embeddable":true,"href":"https:\/\/franciscanas.org\/portal\/lamerica\/wp-json\/wp\/v2\/categories?post=2888"},{"taxonomy":"post_tag","embeddable":true,"href":"https:\/\/franciscanas.org\/portal\/lamerica\/wp-json\/wp\/v2\/tags?post=2888"}],"curies":[{"name":"wp","href":"https:\/\/api.w.org\/{rel}","templated":true}]}}