{"id":2885,"date":"2023-10-06T12:30:00","date_gmt":"2023-10-06T17:30:00","guid":{"rendered":"https:\/\/franciscanas.org\/portal\/lamerica\/?p=2885"},"modified":"2023-10-04T13:02:08","modified_gmt":"2023-10-04T18:02:08","slug":"27o-domingo-del-tiempo-ordinario","status":"publish","type":"post","link":"https:\/\/franciscanas.org\/portal\/lamerica\/evangelio-del-domingo\/27o-domingo-del-tiempo-ordinario\/","title":{"rendered":"27\u00ba Domingo del Tiempo Ordinario"},"content":{"rendered":"\n<p class=\"has-vivid-red-color has-text-color\"><strong>EVANGELIO<\/strong> de Mateo 21,33-43<\/p>\n\n\n\n<p>En aquel tiempo, Jes\u00fas dijo a los sumos sacerdotes y a los ancianos del pueblo: 33\u00abEscuchad otra par\u00e1bola. Era un propietario que plant\u00f3 una vi\u00f1a, la rode\u00f3 de una cerca, cav\u00f3 en ella un lagar y edific\u00f3 una torre; la arrend\u00f3 a unos labradores y se ausent\u00f3.<br>34 Cuando lleg\u00f3 el tiempo de los frutos, envi\u00f3 sus siervos a los labradores para recibir sus frutos.<br>35 Pero los labradores agarraron a los siervos, y a uno le golpearon, a otro le mataron, a otro le apedrearon.<br>36 De nuevo envi\u00f3 otros siervos en mayor n\u00famero que los primeros; pero los trataron de la misma manera.<br>37 Finalmente les envi\u00f3 a su hijo, diciendo: \u2018A mi hijo le respetar\u00e1n\u2019.<br>38 \u00bbPero los labradores, al ver al hijo, se dijeron entre s\u00ed: \u2018Este es el heredero. Vamos, mat\u00e9mosle y qued\u00e9monos con su herencia\u2019.<br>39 Y agarr\u00e1ndole, le echaron fuera de la vi\u00f1a y le mataron.<br>40 Cuando venga, pues, el due\u00f1o de la vi\u00f1a, \u00bfqu\u00e9 har\u00e1 con aquellos labradores?\u00bb.<br>41 D\u00edcenle: \u00abA esos miserables les dar\u00e1 una muerte miserable arrendar\u00e1 la vi\u00f1a a otros labradores, que le paguen los frutos a su tiempo\u00bb.<br>42 Y Jes\u00fas les dice: \u00ab\u00bfNo hab\u00e9is le\u00eddo nunca en las Escrituras: La piedra que los constructores desecharon, en piedra angular se ha convertido; fue el Se\u00f1or quien hizo esto y es maravilloso a nuestros ojos?<br>43 Por eso os digo: Se os quitar\u00e1 el Reino de Dios para d\u00e1rselo a un pueblo que rinda sus frutos\u00bb.<\/p>\n\n\n\n<p class=\"has-vivid-red-color has-text-color\">Palabra del Se\u00f1or.<\/p>\n","protected":false},"excerpt":{"rendered":"<p> La piedra que los constructores desecharon, en piedra angular se ha convertido.<\/p>\n","protected":false},"author":1,"featured_media":2886,"comment_status":"closed","ping_status":"closed","sticky":false,"template":"","format":"standard","meta":{"_et_pb_use_builder":"off","_et_pb_old_content":"","_et_gb_content_width":"1200","footnotes":""},"categories":[95],"tags":[],"class_list":["post-2885","post","type-post","status-publish","format-standard","has-post-thumbnail","hentry","category-evangelio-del-domingo"],"_links":{"self":[{"href":"https:\/\/franciscanas.org\/portal\/lamerica\/wp-json\/wp\/v2\/posts\/2885","targetHints":{"allow":["GET"]}}],"collection":[{"href":"https:\/\/franciscanas.org\/portal\/lamerica\/wp-json\/wp\/v2\/posts"}],"about":[{"href":"https:\/\/franciscanas.org\/portal\/lamerica\/wp-json\/wp\/v2\/types\/post"}],"author":[{"embeddable":true,"href":"https:\/\/franciscanas.org\/portal\/lamerica\/wp-json\/wp\/v2\/users\/1"}],"replies":[{"embeddable":true,"href":"https:\/\/franciscanas.org\/portal\/lamerica\/wp-json\/wp\/v2\/comments?post=2885"}],"version-history":[{"count":1,"href":"https:\/\/franciscanas.org\/portal\/lamerica\/wp-json\/wp\/v2\/posts\/2885\/revisions"}],"predecessor-version":[{"id":2887,"href":"https:\/\/franciscanas.org\/portal\/lamerica\/wp-json\/wp\/v2\/posts\/2885\/revisions\/2887"}],"wp:featuredmedia":[{"embeddable":true,"href":"https:\/\/franciscanas.org\/portal\/lamerica\/wp-json\/wp\/v2\/media\/2886"}],"wp:attachment":[{"href":"https:\/\/franciscanas.org\/portal\/lamerica\/wp-json\/wp\/v2\/media?parent=2885"}],"wp:term":[{"taxonomy":"category","embeddable":true,"href":"https:\/\/franciscanas.org\/portal\/lamerica\/wp-json\/wp\/v2\/categories?post=2885"},{"taxonomy":"post_tag","embeddable":true,"href":"https:\/\/franciscanas.org\/portal\/lamerica\/wp-json\/wp\/v2\/tags?post=2885"}],"curies":[{"name":"wp","href":"https:\/\/api.w.org\/{rel}","templated":true}]}}