{"id":2735,"date":"2023-09-29T20:30:00","date_gmt":"2023-09-30T01:30:00","guid":{"rendered":"https:\/\/franciscanas.org\/portal\/lamerica\/?p=2735"},"modified":"2023-09-20T07:26:26","modified_gmt":"2023-09-20T12:26:26","slug":"26o-domingo-del-tiempo-ordinario","status":"publish","type":"post","link":"https:\/\/franciscanas.org\/portal\/lamerica\/evangelio-del-domingo\/26o-domingo-del-tiempo-ordinario\/","title":{"rendered":"26\u00ba Domingo del Tiempo Ordinario"},"content":{"rendered":"\n<p class=\"has-vivid-red-color has-text-color\"><strong>EVANGELIO<\/strong> de Mateo 21,28-32<\/p>\n\n\n\n<p>En aquel tiempo, Jes\u00fas dijo a los sumos sacerdotes:<br>28 \u00ab\u00bfQu\u00e9 os parece? Un hombre ten\u00eda dos hijos. Lleg\u00e1ndose al primero, le dijo: \u2018Hijo, vete hoy a trabajar en la vi\u00f1a\u2019.<br>29 Y \u00e9l respondi\u00f3: \u2018No quiero\u2019, pero despu\u00e9s se arrepinti\u00f3 y fue.<br>30 Lleg\u00e1ndose al segundo, le dijo lo mismo. Y \u00e9l respondi\u00f3: \u2018Voy, Se\u00f1or\u2019, y no fue.<br>31 \u00bb\u00bfCu\u00e1l de los dos hizo la voluntad del padre?\u00bb. \u00abEl primero\u00bb, le dicen. D\u00edceles Jes\u00fas: \u00abEn verdad os digo que los publicanos y las rameras llegan antes que vosotros al Reino de Dios.<br>32 Porque vino Juan a vosotros por camino de justicia, y no cre\u00edsteis en \u00c9l, mientras que los publicanos y las rameras creyeron en \u00c9l. Y vosotros, ni vi\u00e9ndolo, os arrepentisteis despu\u00e9s, para creer en \u00c9l\u00bb.<\/p>\n\n\n\n<p class=\"has-vivid-red-color has-text-color\">Palabra del Se\u00f1or.<\/p>\n\n\n\n<p><\/p>\n","protected":false},"excerpt":{"rendered":"<p>\u00bfCu\u00e1l de ellos hizo la voluntad del padre?  <\/p>\n","protected":false},"author":1,"featured_media":2814,"comment_status":"closed","ping_status":"closed","sticky":false,"template":"","format":"standard","meta":{"_et_pb_use_builder":"off","_et_pb_old_content":"","_et_gb_content_width":"1200","footnotes":""},"categories":[95],"tags":[],"class_list":["post-2735","post","type-post","status-publish","format-standard","has-post-thumbnail","hentry","category-evangelio-del-domingo"],"_links":{"self":[{"href":"https:\/\/franciscanas.org\/portal\/lamerica\/wp-json\/wp\/v2\/posts\/2735","targetHints":{"allow":["GET"]}}],"collection":[{"href":"https:\/\/franciscanas.org\/portal\/lamerica\/wp-json\/wp\/v2\/posts"}],"about":[{"href":"https:\/\/franciscanas.org\/portal\/lamerica\/wp-json\/wp\/v2\/types\/post"}],"author":[{"embeddable":true,"href":"https:\/\/franciscanas.org\/portal\/lamerica\/wp-json\/wp\/v2\/users\/1"}],"replies":[{"embeddable":true,"href":"https:\/\/franciscanas.org\/portal\/lamerica\/wp-json\/wp\/v2\/comments?post=2735"}],"version-history":[{"count":1,"href":"https:\/\/franciscanas.org\/portal\/lamerica\/wp-json\/wp\/v2\/posts\/2735\/revisions"}],"predecessor-version":[{"id":2736,"href":"https:\/\/franciscanas.org\/portal\/lamerica\/wp-json\/wp\/v2\/posts\/2735\/revisions\/2736"}],"wp:featuredmedia":[{"embeddable":true,"href":"https:\/\/franciscanas.org\/portal\/lamerica\/wp-json\/wp\/v2\/media\/2814"}],"wp:attachment":[{"href":"https:\/\/franciscanas.org\/portal\/lamerica\/wp-json\/wp\/v2\/media?parent=2735"}],"wp:term":[{"taxonomy":"category","embeddable":true,"href":"https:\/\/franciscanas.org\/portal\/lamerica\/wp-json\/wp\/v2\/categories?post=2735"},{"taxonomy":"post_tag","embeddable":true,"href":"https:\/\/franciscanas.org\/portal\/lamerica\/wp-json\/wp\/v2\/tags?post=2735"}],"curies":[{"name":"wp","href":"https:\/\/api.w.org\/{rel}","templated":true}]}}