{"id":2732,"date":"2023-09-22T20:30:00","date_gmt":"2023-09-23T01:30:00","guid":{"rendered":"https:\/\/franciscanas.org\/portal\/lamerica\/?p=2732"},"modified":"2023-09-19T19:45:05","modified_gmt":"2023-09-20T00:45:05","slug":"25o-domingo-del-tiempo-ordinario","status":"publish","type":"post","link":"https:\/\/franciscanas.org\/portal\/lamerica\/evangelio-del-domingo\/25o-domingo-del-tiempo-ordinario\/","title":{"rendered":"25\u00ba Domingo del Tiempo Ordinario"},"content":{"rendered":"\n<p class=\"has-vivid-red-color has-text-color\"><strong>EVANGELIO<\/strong> de Mateo 20, 1-16a<\/p>\n\n\n\n<p>En aquel tiempo, dijo Jes\u00fas a sus disc\u00edpulos esta par\u00e1bola:<br>1 \u00abEl Reino de los Cielos se parece a un propietario que al amanecer sali\u00f3 a contratar jornaleros para su vi\u00f1a.<br>2 Despu\u00e9s de ajustarse con ellos en un denario por jornada, los mand\u00f3 a la vi\u00f1a.<br>3 Sali\u00f3 otra vez a media ma\u00f1ana, vio a otros que estaban en la plaza sin trabajo,<br>4 y les dijo: \u2018Id tambi\u00e9n vosotros a mi vi\u00f1a, y os pagar\u00e9 lo debido\u2019.<br>5 Ellos fueron. Sali\u00f3 de nuevo hacia mediod\u00eda y a media tarde, e hizo lo mismo.<br>6 Sali\u00f3 al caer la tarde y encontr\u00f3 a otros, parados, y les dijo: \u2018\u00bfC\u00f3mo es que est\u00e1is aqu\u00ed el d\u00eda entero sin trabajar?\u2019.<br>7 Le respondieron: \u2018Nadie nos ha contratado\u2019. \u00c9l les dijo: \u2018Id tambi\u00e9n vosotros a mi vi\u00f1a\u2019.<br>8 Cuando oscureci\u00f3, el due\u00f1o dijo al capataz: \u2018Llama a los jornaleros y p\u00e1gales el jornal, empezando por los \u00faltimos y acabando por los primeros\u2019.<br>9 Vinieron los del atardecer y recibieron un denario cada uno.<br>10 Cuando llegaron los primeros, pensaban que recibir\u00edan m\u00e1s, pero ellos tambi\u00e9n recibieron un denario cada uno.<br>11 Entonces se pusieron a protestar contra el amo:<br>12 \u2018Estos \u00faltimos han trabajado s\u00f3lo una hora y los has tratado igual que a nosotros, que hemos aguantado el peso del d\u00eda y el bochorno\u2019.<br>13 \u00c9l replic\u00f3 a uno de ellos: \u2018Amigo, no te hago ninguna injusticia. \u00bfNo nos ajustamos en un denario?<br>14 Toma lo tuyo y vete. Quiero darle a este \u00faltimo igual que a ti.<br>15 \u00bfEs que no tengo libertad para hacer lo que quiera en mis asuntos? \u00bfO vas a tener t\u00fa envidia porque yo soy bueno?\u2019.<br>16 As\u00ed, los \u00faltimos ser\u00e1n los primeros y los primeros los \u00faltimos\u00bb.<\/p>\n\n\n\n<p class=\"has-vivid-red-color has-text-color\">Palabra del Se\u00f1or.<\/p>\n","protected":false},"excerpt":{"rendered":"<p>Id tambi\u00e9n vosotros a mi vi\u00f1a.<\/p>\n","protected":false},"author":1,"featured_media":2815,"comment_status":"closed","ping_status":"closed","sticky":false,"template":"","format":"standard","meta":{"_et_pb_use_builder":"off","_et_pb_old_content":"","_et_gb_content_width":"1200","footnotes":""},"categories":[95],"tags":[],"class_list":["post-2732","post","type-post","status-publish","format-standard","has-post-thumbnail","hentry","category-evangelio-del-domingo"],"_links":{"self":[{"href":"https:\/\/franciscanas.org\/portal\/lamerica\/wp-json\/wp\/v2\/posts\/2732","targetHints":{"allow":["GET"]}}],"collection":[{"href":"https:\/\/franciscanas.org\/portal\/lamerica\/wp-json\/wp\/v2\/posts"}],"about":[{"href":"https:\/\/franciscanas.org\/portal\/lamerica\/wp-json\/wp\/v2\/types\/post"}],"author":[{"embeddable":true,"href":"https:\/\/franciscanas.org\/portal\/lamerica\/wp-json\/wp\/v2\/users\/1"}],"replies":[{"embeddable":true,"href":"https:\/\/franciscanas.org\/portal\/lamerica\/wp-json\/wp\/v2\/comments?post=2732"}],"version-history":[{"count":2,"href":"https:\/\/franciscanas.org\/portal\/lamerica\/wp-json\/wp\/v2\/posts\/2732\/revisions"}],"predecessor-version":[{"id":2734,"href":"https:\/\/franciscanas.org\/portal\/lamerica\/wp-json\/wp\/v2\/posts\/2732\/revisions\/2734"}],"wp:featuredmedia":[{"embeddable":true,"href":"https:\/\/franciscanas.org\/portal\/lamerica\/wp-json\/wp\/v2\/media\/2815"}],"wp:attachment":[{"href":"https:\/\/franciscanas.org\/portal\/lamerica\/wp-json\/wp\/v2\/media?parent=2732"}],"wp:term":[{"taxonomy":"category","embeddable":true,"href":"https:\/\/franciscanas.org\/portal\/lamerica\/wp-json\/wp\/v2\/categories?post=2732"},{"taxonomy":"post_tag","embeddable":true,"href":"https:\/\/franciscanas.org\/portal\/lamerica\/wp-json\/wp\/v2\/tags?post=2732"}],"curies":[{"name":"wp","href":"https:\/\/api.w.org\/{rel}","templated":true}]}}