{"id":2730,"date":"2023-09-15T20:30:00","date_gmt":"2023-09-16T01:30:00","guid":{"rendered":"https:\/\/franciscanas.org\/portal\/lamerica\/?p=2730"},"modified":"2023-09-05T19:49:12","modified_gmt":"2023-09-06T00:49:12","slug":"24o-domingo-del-tiempo-ordinario","status":"publish","type":"post","link":"https:\/\/franciscanas.org\/portal\/lamerica\/evangelio-del-domingo\/24o-domingo-del-tiempo-ordinario\/","title":{"rendered":"24\u00ba Domingo del Tiempo Ordinario"},"content":{"rendered":"\n<p class=\"has-vivid-red-color has-text-color\"><strong>EVANGELIO <\/strong>de Mateo 18,21-35<\/p>\n\n\n\n<p>En aquel tiempo,<br>21 Pedro pregunt\u00f3 a Jes\u00fas: \u00abSe\u00f1or, \u00bfcu\u00e1ntas veces tengo que perdonar las ofensas que me haga mi hermano? \u00bfHasta siete veces?\u00bb.<br>22 D\u00edcele Jes\u00fas: \u00abNo te digo hasta siete veces, sino hasta setenta veces siete.<br>23 Por eso el Reino de los Cielos es semejante a un rey que quiso ajustar cuentas con sus siervos.<br>24 Al empezar a ajustarlas, le fue presentado uno que le deb\u00eda 10.000 talentos.<br>25 Como no ten\u00eda con qu\u00e9 pagar, orden\u00f3 el se\u00f1or que fuese vendido \u00e9l, su mujer y sus hijos y todo cuanto ten\u00eda, y que se le pagase.<br>26 Entonces el siervo se ech\u00f3 a sus pies, y postrado le dec\u00eda: \u2018Ten paciencia conmigo, que todo te lo pagar\u00e9\u2019.<br>27 Movido a compasi\u00f3n el se\u00f1or de aquel siervo, le dej\u00f3 en libertad y le perdon\u00f3 la deuda.<br>28 Al salir de all\u00ed aquel siervo se encontr\u00f3 con uno de sus compa\u00f1eros, que le deb\u00eda cien denarios; le agarr\u00f3 y, ahog\u00e1ndole, le dec\u00eda: \u2018Paga lo que debes\u2019.<br>29 Su compa\u00f1ero, cayendo a sus pies, le suplicaba: \u2018Ten paciencia conmigo, que ya te pagar\u00e9\u2019.<br>30 Pero \u00e9l no quiso, sino que fue y le ech\u00f3 en la c\u00e1rcel, hasta que pagase lo que deb\u00eda.<br>31 Al ver sus compa\u00f1eros lo ocurrido, se entristecieron mucho, y fueron a contar a su se\u00f1or todo lo sucedido. Su se\u00f1or entonces le mand\u00f3 llamar y le dijo: \u2018<br>32 Siervo malvado, yo te perdon\u00e9 a ti toda aquella deuda porque me lo suplicaste.<br>33 \u00bfNo deb\u00edas t\u00fa tambi\u00e9n compadecerte de tu compa\u00f1ero, del mismo modo que yo me compadec\u00ed de ti?\u2019.<br>34 Y encolerizado su se\u00f1or, le entreg\u00f3 a los verdugos hasta que pagase todo lo que le deb\u00eda. 35 Esto mismo har\u00e1 con vosotros mi Padre celestial, si no perdon\u00e1is de coraz\u00f3n cada uno a vuestro hermano\u00bb.<\/p>\n\n\n\n<p class=\"has-vivid-red-color has-text-color\">Palabra del Se\u00f1or.<\/p>\n","protected":false},"excerpt":{"rendered":"<p>Perdona] &#8230;hasta setenta veces siete.<\/p>\n","protected":false},"author":1,"featured_media":2804,"comment_status":"closed","ping_status":"closed","sticky":false,"template":"","format":"standard","meta":{"_et_pb_use_builder":"off","_et_pb_old_content":"","_et_gb_content_width":"1200","footnotes":""},"categories":[95],"tags":[],"class_list":["post-2730","post","type-post","status-publish","format-standard","has-post-thumbnail","hentry","category-evangelio-del-domingo"],"_links":{"self":[{"href":"https:\/\/franciscanas.org\/portal\/lamerica\/wp-json\/wp\/v2\/posts\/2730","targetHints":{"allow":["GET"]}}],"collection":[{"href":"https:\/\/franciscanas.org\/portal\/lamerica\/wp-json\/wp\/v2\/posts"}],"about":[{"href":"https:\/\/franciscanas.org\/portal\/lamerica\/wp-json\/wp\/v2\/types\/post"}],"author":[{"embeddable":true,"href":"https:\/\/franciscanas.org\/portal\/lamerica\/wp-json\/wp\/v2\/users\/1"}],"replies":[{"embeddable":true,"href":"https:\/\/franciscanas.org\/portal\/lamerica\/wp-json\/wp\/v2\/comments?post=2730"}],"version-history":[{"count":1,"href":"https:\/\/franciscanas.org\/portal\/lamerica\/wp-json\/wp\/v2\/posts\/2730\/revisions"}],"predecessor-version":[{"id":2731,"href":"https:\/\/franciscanas.org\/portal\/lamerica\/wp-json\/wp\/v2\/posts\/2730\/revisions\/2731"}],"wp:featuredmedia":[{"embeddable":true,"href":"https:\/\/franciscanas.org\/portal\/lamerica\/wp-json\/wp\/v2\/media\/2804"}],"wp:attachment":[{"href":"https:\/\/franciscanas.org\/portal\/lamerica\/wp-json\/wp\/v2\/media?parent=2730"}],"wp:term":[{"taxonomy":"category","embeddable":true,"href":"https:\/\/franciscanas.org\/portal\/lamerica\/wp-json\/wp\/v2\/categories?post=2730"},{"taxonomy":"post_tag","embeddable":true,"href":"https:\/\/franciscanas.org\/portal\/lamerica\/wp-json\/wp\/v2\/tags?post=2730"}],"curies":[{"name":"wp","href":"https:\/\/api.w.org\/{rel}","templated":true}]}}