{"id":2728,"date":"2023-09-08T20:30:00","date_gmt":"2023-09-09T01:30:00","guid":{"rendered":"https:\/\/franciscanas.org\/portal\/lamerica\/?p=2728"},"modified":"2023-09-05T19:04:56","modified_gmt":"2023-09-06T00:04:56","slug":"23er-domingo-del-tiempo-ordinario","status":"publish","type":"post","link":"https:\/\/franciscanas.org\/portal\/lamerica\/evangelio-del-domingo\/23er-domingo-del-tiempo-ordinario\/","title":{"rendered":"23er Domingo del Tiempo Ordinario"},"content":{"rendered":"\n<p class=\"has-vivid-red-color has-text-color\"><strong>EVANGELIO<\/strong> de Mateo 18, 15-20<\/p>\n\n\n\n<p>En aquel tiempo, Jes\u00fas dijo a los disc\u00edpulos:<br>15 \u00abSi tu hermano llega a pecar, vete y repr\u00e9ndele, a solas t\u00fa con \u00e9l. Si te escucha, habr\u00e1s ganado a tu hermano.<br>16 Si no te escucha, toma todav\u00eda contigo uno o dos, para que todo asunto quede zanjado por la palabra de dos o tres testigos.<br>17 Si les desoye a ellos, d\u00edselo a la comunidad. Y si hasta a la comunidad desoye, sea para ti como el gentil y el publicano.<br>18 Yo os aseguro: todo lo que at\u00e9is en la tierra quedar\u00e1 atado en el cielo, y todo lo que desat\u00e9is en la tierra quedar\u00e1 desatado en el cielo.<br>19 Os aseguro tambi\u00e9n que si dos de vosotros se ponen de acuerdo en la tierra para pedir algo, sea lo que fuere, lo conseguir\u00e1n de mi Padre que est\u00e1 en los cielos.<br>20 Porque donde est\u00e1n dos o tres reunidos en mi nombre, all\u00ed estoy yo en medio de ellos\u00bb.<\/p>\n\n\n\n<p class=\"has-vivid-red-color has-text-color\">Palabra del Se\u00f1or.<\/p>\n","protected":false},"excerpt":{"rendered":"<p>Todo lo que at\u00e9is en la tierra quedar\u00e1 atado en el cielo.<\/p>\n","protected":false},"author":1,"featured_media":2803,"comment_status":"closed","ping_status":"closed","sticky":false,"template":"","format":"standard","meta":{"_et_pb_use_builder":"off","_et_pb_old_content":"","_et_gb_content_width":"1200","footnotes":""},"categories":[95],"tags":[],"class_list":["post-2728","post","type-post","status-publish","format-standard","has-post-thumbnail","hentry","category-evangelio-del-domingo"],"_links":{"self":[{"href":"https:\/\/franciscanas.org\/portal\/lamerica\/wp-json\/wp\/v2\/posts\/2728","targetHints":{"allow":["GET"]}}],"collection":[{"href":"https:\/\/franciscanas.org\/portal\/lamerica\/wp-json\/wp\/v2\/posts"}],"about":[{"href":"https:\/\/franciscanas.org\/portal\/lamerica\/wp-json\/wp\/v2\/types\/post"}],"author":[{"embeddable":true,"href":"https:\/\/franciscanas.org\/portal\/lamerica\/wp-json\/wp\/v2\/users\/1"}],"replies":[{"embeddable":true,"href":"https:\/\/franciscanas.org\/portal\/lamerica\/wp-json\/wp\/v2\/comments?post=2728"}],"version-history":[{"count":2,"href":"https:\/\/franciscanas.org\/portal\/lamerica\/wp-json\/wp\/v2\/posts\/2728\/revisions"}],"predecessor-version":[{"id":2802,"href":"https:\/\/franciscanas.org\/portal\/lamerica\/wp-json\/wp\/v2\/posts\/2728\/revisions\/2802"}],"wp:featuredmedia":[{"embeddable":true,"href":"https:\/\/franciscanas.org\/portal\/lamerica\/wp-json\/wp\/v2\/media\/2803"}],"wp:attachment":[{"href":"https:\/\/franciscanas.org\/portal\/lamerica\/wp-json\/wp\/v2\/media?parent=2728"}],"wp:term":[{"taxonomy":"category","embeddable":true,"href":"https:\/\/franciscanas.org\/portal\/lamerica\/wp-json\/wp\/v2\/categories?post=2728"},{"taxonomy":"post_tag","embeddable":true,"href":"https:\/\/franciscanas.org\/portal\/lamerica\/wp-json\/wp\/v2\/tags?post=2728"}],"curies":[{"name":"wp","href":"https:\/\/api.w.org\/{rel}","templated":true}]}}