{"id":2725,"date":"2023-09-01T20:30:00","date_gmt":"2023-09-02T01:30:00","guid":{"rendered":"https:\/\/franciscanas.org\/portal\/lamerica\/?p=2725"},"modified":"2023-09-01T20:11:50","modified_gmt":"2023-09-02T01:11:50","slug":"22o-domingo-del-tiempo-ordinario","status":"publish","type":"post","link":"https:\/\/franciscanas.org\/portal\/lamerica\/evangelio-del-domingo\/22o-domingo-del-tiempo-ordinario\/","title":{"rendered":"22\u00ba Domingo del Tiempo Ordinario"},"content":{"rendered":"\n<p class=\"has-vivid-red-color has-text-color\"><strong>EVANGELIO <\/strong>de Mateo 16,21-27<\/p>\n\n\n\n<p>En aquel tiempo<br>21 empez\u00f3 Jes\u00fas a explicar a sus disc\u00edpulos que ten\u00eda que ir a Jerusal\u00e9n y padecer all\u00ed mucho por parte de los senadores, sumos sacerdotes y letrados y que ten\u00eda que ser ejecutado y resucitar al tercer d\u00eda.<br>22 Pedro se lo llev\u00f3 aparte y se puso a increparlo: \u00ab\u00a1No lo permita Dios, Se\u00f1or! Eso no puede pasarte\u00bb.<br>23 Jes\u00fas se volvi\u00f3 y dijo a Pedro: \u00abQu\u00edtate de mi vista, Satan\u00e1s, que me haces tropezar; t\u00fa piensas como los hombres, no como Dios\u00bb.<br>24 Entonces dijo a los disc\u00edpulos: \u00abEl que quiera venirse conmigo que se niegue a s\u00ed mismo, que cargue con su cruz y me siga.<br>25 Si uno quiere salvar su vida, la perder\u00e1; pero el que la pierda por m\u00ed, la encontrar\u00e1.<br>26 \u00bfDe qu\u00e9 le sirve a un hombre ganar el mundo entero, si malogra su vida? \u00bfO qu\u00e9 podr\u00e1 dar para recobrarla?<br>27 Porque el Hijo del Hombre vendr\u00e1 entre sus \u00e1ngeles, con la gloria de su Padre, y entonces pagar\u00e1 a cada uno seg\u00fan su conducta\u00bb.<\/p>\n\n\n\n<p class=\"has-vivid-red-color has-text-color\">Palabra del Se\u00f1or.<\/p>\n\n\n\n<p><\/p>\n\n\n\n<p><\/p>\n","protected":false},"excerpt":{"rendered":"<p>\u00bfDe qu\u00e9 le sirve a un hombre ganar el mundo entero, si malogra su vida?<\/p>\n","protected":false},"author":1,"featured_media":2772,"comment_status":"closed","ping_status":"closed","sticky":false,"template":"","format":"standard","meta":{"_et_pb_use_builder":"off","_et_pb_old_content":"","_et_gb_content_width":"1200","footnotes":""},"categories":[95],"tags":[],"class_list":["post-2725","post","type-post","status-publish","format-standard","has-post-thumbnail","hentry","category-evangelio-del-domingo"],"_links":{"self":[{"href":"https:\/\/franciscanas.org\/portal\/lamerica\/wp-json\/wp\/v2\/posts\/2725","targetHints":{"allow":["GET"]}}],"collection":[{"href":"https:\/\/franciscanas.org\/portal\/lamerica\/wp-json\/wp\/v2\/posts"}],"about":[{"href":"https:\/\/franciscanas.org\/portal\/lamerica\/wp-json\/wp\/v2\/types\/post"}],"author":[{"embeddable":true,"href":"https:\/\/franciscanas.org\/portal\/lamerica\/wp-json\/wp\/v2\/users\/1"}],"replies":[{"embeddable":true,"href":"https:\/\/franciscanas.org\/portal\/lamerica\/wp-json\/wp\/v2\/comments?post=2725"}],"version-history":[{"count":2,"href":"https:\/\/franciscanas.org\/portal\/lamerica\/wp-json\/wp\/v2\/posts\/2725\/revisions"}],"predecessor-version":[{"id":2727,"href":"https:\/\/franciscanas.org\/portal\/lamerica\/wp-json\/wp\/v2\/posts\/2725\/revisions\/2727"}],"wp:featuredmedia":[{"embeddable":true,"href":"https:\/\/franciscanas.org\/portal\/lamerica\/wp-json\/wp\/v2\/media\/2772"}],"wp:attachment":[{"href":"https:\/\/franciscanas.org\/portal\/lamerica\/wp-json\/wp\/v2\/media?parent=2725"}],"wp:term":[{"taxonomy":"category","embeddable":true,"href":"https:\/\/franciscanas.org\/portal\/lamerica\/wp-json\/wp\/v2\/categories?post=2725"},{"taxonomy":"post_tag","embeddable":true,"href":"https:\/\/franciscanas.org\/portal\/lamerica\/wp-json\/wp\/v2\/tags?post=2725"}],"curies":[{"name":"wp","href":"https:\/\/api.w.org\/{rel}","templated":true}]}}