{"id":2703,"date":"2023-08-25T20:30:00","date_gmt":"2023-08-26T01:30:00","guid":{"rendered":"https:\/\/franciscanas.org\/portal\/lamerica\/?p=2703"},"modified":"2023-08-19T09:29:49","modified_gmt":"2023-08-19T14:29:49","slug":"21o-domingo-del-tiempo-ordinario","status":"publish","type":"post","link":"https:\/\/franciscanas.org\/portal\/lamerica\/evangelio-del-domingo\/21o-domingo-del-tiempo-ordinario\/","title":{"rendered":"21\u00ba Domingo del Tiempo Ordinario"},"content":{"rendered":"\n<p class=\"has-vivid-red-color has-text-color\"><strong>EVANGELIO<\/strong> de Mateo 16, 13-20<\/p>\n\n\n\n<p>En aquel tiempo,<br>13 al llegar a la regi\u00f3n de Cesarea de Filipo, Jes\u00fas hizo esta pregunta a sus disc\u00edpulos: \u00ab\u00bfQui\u00e9n dicen los hombres que es el Hijo del hombre?\u00bb.<br>14 Ellos dijeron: \u00abUnos, que Juan el Bautista; otros, que El\u00edas, otros, que Jerem\u00edas o uno de los profetas\u00bb.<br>15 D\u00edceles \u00c9l: \u00abY vosotros, \u00bfqui\u00e9n dec\u00eds que soy yo?\u00bb.<br>16 Sim\u00f3n Pedro contest\u00f3: \u00abT\u00fa eres el Cristo, el Hijo de Dios vivo\u00bb.<br>17 Replicando Jes\u00fas le dijo: \u00abBienaventurado eres Sim\u00f3n, hijo de Jon\u00e1s, porque no te ha revelado esto la carne ni la sangre, sino mi Padre que est\u00e1 en los cielos.<br>18 Y yo a mi vez te digo que t\u00fa eres Pedro, y sobre esta piedra edificar\u00e9 mi Iglesia, y las puertas del Hades no prevalecer\u00e1n contra ella. A 19 ti te dar\u00e9 las llaves del Reino de los Cielos; y lo que ates en la tierra quedar\u00e1 atado en los cielos, y lo que desates en la tierra quedar\u00e1 desatado en los cielos\u00bb.<br>20 Entonces mand\u00f3 a sus disc\u00edpulos que no dijesen a nadie que \u00c9l era el Cristo.<\/p>\n\n\n\n<p class=\"has-vivid-red-color has-text-color\">Palabra del Se\u00f1or.<\/p>\n","protected":false},"excerpt":{"rendered":"<p>Bienaventurado eres porque te ha revelado esto mi Padre que est\u00e1 en los cielos.<\/p>\n","protected":false},"author":1,"featured_media":2704,"comment_status":"closed","ping_status":"closed","sticky":false,"template":"","format":"standard","meta":{"_et_pb_use_builder":"off","_et_pb_old_content":"","_et_gb_content_width":"1200","footnotes":""},"categories":[95],"tags":[],"class_list":["post-2703","post","type-post","status-publish","format-standard","has-post-thumbnail","hentry","category-evangelio-del-domingo"],"_links":{"self":[{"href":"https:\/\/franciscanas.org\/portal\/lamerica\/wp-json\/wp\/v2\/posts\/2703","targetHints":{"allow":["GET"]}}],"collection":[{"href":"https:\/\/franciscanas.org\/portal\/lamerica\/wp-json\/wp\/v2\/posts"}],"about":[{"href":"https:\/\/franciscanas.org\/portal\/lamerica\/wp-json\/wp\/v2\/types\/post"}],"author":[{"embeddable":true,"href":"https:\/\/franciscanas.org\/portal\/lamerica\/wp-json\/wp\/v2\/users\/1"}],"replies":[{"embeddable":true,"href":"https:\/\/franciscanas.org\/portal\/lamerica\/wp-json\/wp\/v2\/comments?post=2703"}],"version-history":[{"count":1,"href":"https:\/\/franciscanas.org\/portal\/lamerica\/wp-json\/wp\/v2\/posts\/2703\/revisions"}],"predecessor-version":[{"id":2705,"href":"https:\/\/franciscanas.org\/portal\/lamerica\/wp-json\/wp\/v2\/posts\/2703\/revisions\/2705"}],"wp:featuredmedia":[{"embeddable":true,"href":"https:\/\/franciscanas.org\/portal\/lamerica\/wp-json\/wp\/v2\/media\/2704"}],"wp:attachment":[{"href":"https:\/\/franciscanas.org\/portal\/lamerica\/wp-json\/wp\/v2\/media?parent=2703"}],"wp:term":[{"taxonomy":"category","embeddable":true,"href":"https:\/\/franciscanas.org\/portal\/lamerica\/wp-json\/wp\/v2\/categories?post=2703"},{"taxonomy":"post_tag","embeddable":true,"href":"https:\/\/franciscanas.org\/portal\/lamerica\/wp-json\/wp\/v2\/tags?post=2703"}],"curies":[{"name":"wp","href":"https:\/\/api.w.org\/{rel}","templated":true}]}}