{"id":2700,"date":"2023-08-18T20:30:00","date_gmt":"2023-08-19T01:30:00","guid":{"rendered":"https:\/\/franciscanas.org\/portal\/lamerica\/?p=2700"},"modified":"2023-08-19T09:25:28","modified_gmt":"2023-08-19T14:25:28","slug":"20o-domingo-del-tiempo-ordinario","status":"publish","type":"post","link":"https:\/\/franciscanas.org\/portal\/lamerica\/evangelio-del-domingo\/20o-domingo-del-tiempo-ordinario\/","title":{"rendered":"20\u00ba Domingo del Tiempo Ordinario"},"content":{"rendered":"\n<p class=\"has-vivid-red-color has-text-color\"><strong>EVANGELIO<\/strong> de Mateo 15,21-28<\/p>\n\n\n\n<p>EVANGELIO Mt 15,21-28<\/p>\n\n\n\n<p>En aquel tiempo,<br>21 Jes\u00fas sali\u00f3 y se retir\u00f3 al pa\u00eds de Tiro y Sid\u00f3n.<br>22 Entonces una mujer cananea, saliendo de uno de aquellos lugares, se puso a gritarle:<br>23 \u00abTen compasi\u00f3n de m\u00ed, Se\u00f1or, Hijo de David.<br>24 Mi hija tiene un demonio muy malo\u00bb.<br>25 \u00c9l no le respondi\u00f3 nada. Entonces los disc\u00edpulos se le acercaron a decirle: \u00abAti\u00e9ndela, que viene detr\u00e1s gritando\u00bb.<br>26 \u00c9l les contest\u00f3: \u00abS\u00f3lo me han enviado a las ovejas descarriadas de Israel\u00bb. Ella los alcanz\u00f3 y se postr\u00f3 ante \u00c9l, y le pidi\u00f3 de rodillas: \u00abSe\u00f1or, soc\u00f3rreme\u00bb.<br>27 \u00c9l le contest\u00f3: \u00abNo est\u00e1 bien echar a los perros el pan de los hijos\u00bb. Pero ella repuso:<br>28 \u00abTienes raz\u00f3n, Se\u00f1or; pero tambi\u00e9n los perros se comen las migajas que caen de la mesa de los amos\u00bb. Jes\u00fas le respondi\u00f3: \u00abMujer, qu\u00e9 grande es tu fe: que se cumpla lo que deseas\u00bb. En aquel momento qued\u00f3 curada su hija.<\/p>\n\n\n\n<p class=\"has-vivid-red-color has-text-color\">Palabra del Se\u00f1or.<\/p>\n","protected":false},"excerpt":{"rendered":"<p>&#8220;Mujer, qu\u00e9 grande es tu fe: que se cumpla lo que deseas&#8221;. <\/p>\n","protected":false},"author":1,"featured_media":2701,"comment_status":"closed","ping_status":"closed","sticky":false,"template":"","format":"standard","meta":{"_et_pb_use_builder":"off","_et_pb_old_content":"","_et_gb_content_width":"1200","footnotes":""},"categories":[95],"tags":[],"class_list":["post-2700","post","type-post","status-publish","format-standard","has-post-thumbnail","hentry","category-evangelio-del-domingo"],"_links":{"self":[{"href":"https:\/\/franciscanas.org\/portal\/lamerica\/wp-json\/wp\/v2\/posts\/2700","targetHints":{"allow":["GET"]}}],"collection":[{"href":"https:\/\/franciscanas.org\/portal\/lamerica\/wp-json\/wp\/v2\/posts"}],"about":[{"href":"https:\/\/franciscanas.org\/portal\/lamerica\/wp-json\/wp\/v2\/types\/post"}],"author":[{"embeddable":true,"href":"https:\/\/franciscanas.org\/portal\/lamerica\/wp-json\/wp\/v2\/users\/1"}],"replies":[{"embeddable":true,"href":"https:\/\/franciscanas.org\/portal\/lamerica\/wp-json\/wp\/v2\/comments?post=2700"}],"version-history":[{"count":1,"href":"https:\/\/franciscanas.org\/portal\/lamerica\/wp-json\/wp\/v2\/posts\/2700\/revisions"}],"predecessor-version":[{"id":2702,"href":"https:\/\/franciscanas.org\/portal\/lamerica\/wp-json\/wp\/v2\/posts\/2700\/revisions\/2702"}],"wp:featuredmedia":[{"embeddable":true,"href":"https:\/\/franciscanas.org\/portal\/lamerica\/wp-json\/wp\/v2\/media\/2701"}],"wp:attachment":[{"href":"https:\/\/franciscanas.org\/portal\/lamerica\/wp-json\/wp\/v2\/media?parent=2700"}],"wp:term":[{"taxonomy":"category","embeddable":true,"href":"https:\/\/franciscanas.org\/portal\/lamerica\/wp-json\/wp\/v2\/categories?post=2700"},{"taxonomy":"post_tag","embeddable":true,"href":"https:\/\/franciscanas.org\/portal\/lamerica\/wp-json\/wp\/v2\/tags?post=2700"}],"curies":[{"name":"wp","href":"https:\/\/api.w.org\/{rel}","templated":true}]}}