{"id":2692,"date":"2023-08-11T20:30:00","date_gmt":"2023-08-12T01:30:00","guid":{"rendered":"https:\/\/franciscanas.org\/portal\/lamerica\/?p=2692"},"modified":"2023-08-13T12:43:23","modified_gmt":"2023-08-13T17:43:23","slug":"18o-domingo-del-tiempo-ordinario","status":"publish","type":"post","link":"https:\/\/franciscanas.org\/portal\/lamerica\/evangelio-del-domingo\/18o-domingo-del-tiempo-ordinario\/","title":{"rendered":"19\u00ba Domingo del Tiempo Ordinario"},"content":{"rendered":"\n<p class=\"has-vivid-red-color has-text-color\"><strong>EVANGELIO<\/strong> de Mateo 14,22-33<\/p>\n\n\n\n<p>Despu\u00e9s que se saci\u00f3 la gente,<br>22 Jes\u00fas apremi\u00f3 a sus disc\u00edpulos a que subieran a la barca y se le adelantaran a la otra orilla mientras \u00e9l desped\u00eda a la gente.<br>23 Y despu\u00e9s de despedir a la gente subi\u00f3 al monte a solas para orar. Llegada la noche estaba all\u00ed solo.<br>24 Mientras tanto la barca iba ya muy lejos de tierra, sacudida por las olas, porque el viento era contrario.<br>25 De madrugada se les acerc\u00f3 Jes\u00fas andando sobre el agua.<br>26 Los disc\u00edpulos, vi\u00e9ndole andar sobre el agua, se asustaron y gritaron de miedo, pensando que era un fantasma.<br>27 Jes\u00fas les dijo en seguida: \u00ab\u00a1\u00c1nimo, soy yo, no teng\u00e1is miedo!\u00bb.<br>28 Pedro le contest\u00f3: \u00abSe\u00f1or, si eres t\u00fa, m\u00e1ndame ir hacia ti andando sobre el agua\u00bb.<br>29 \u00c9l le dijo: \u00abVen\u00bb. Pedro baj\u00f3 de la barca y ech\u00f3 a andar sobre el agua acerc\u00e1ndose a Jes\u00fas;<br>30 pero, al sentir la fuerza del viento, le entr\u00f3 miedo, empez\u00f3 a hundirse y grit\u00f3: \u00abSe\u00f1or, s\u00e1lvame\u00bb.<br>31 En seguida Jes\u00fas extendi\u00f3 la mano, lo agarr\u00f3 y le dijo: \u00ab\u00a1Qu\u00e9 poca fe! \u00bfPor qu\u00e9 has dudado?\u00bb. 32 En cuanto subieron a la barca amain\u00f3 el viento.<br>33 Los de la barca se postraron ante \u00c9l diciendo: \u00abRealmente eres Hijo de Dios.<\/p>\n\n\n\n<p class=\"has-vivid-red-color has-text-color\">Palabra del Se\u00f1or.<\/p>\n\n\n\n<p><\/p>\n\n\n\n<p><\/p>\n\n\n\n<p><\/p>\n","protected":false},"excerpt":{"rendered":"<p>EVANGELIO de Mateo 14,22-33 Despu\u00e9s que se saci\u00f3 la gente,22 Jes\u00fas apremi\u00f3 a sus disc\u00edpulos a que subieran a la barca y se le adelantaran a la otra orilla mientras \u00e9l desped\u00eda a la gente.23 Y despu\u00e9s de despedir a la gente subi\u00f3 al monte a solas para orar. Llegada la noche estaba all\u00ed solo.24 [&hellip;]<\/p>\n","protected":false},"author":1,"featured_media":2695,"comment_status":"closed","ping_status":"closed","sticky":false,"template":"","format":"standard","meta":{"_et_pb_use_builder":"off","_et_pb_old_content":"","_et_gb_content_width":"1200","footnotes":""},"categories":[95],"tags":[],"class_list":["post-2692","post","type-post","status-publish","format-standard","has-post-thumbnail","hentry","category-evangelio-del-domingo"],"_links":{"self":[{"href":"https:\/\/franciscanas.org\/portal\/lamerica\/wp-json\/wp\/v2\/posts\/2692","targetHints":{"allow":["GET"]}}],"collection":[{"href":"https:\/\/franciscanas.org\/portal\/lamerica\/wp-json\/wp\/v2\/posts"}],"about":[{"href":"https:\/\/franciscanas.org\/portal\/lamerica\/wp-json\/wp\/v2\/types\/post"}],"author":[{"embeddable":true,"href":"https:\/\/franciscanas.org\/portal\/lamerica\/wp-json\/wp\/v2\/users\/1"}],"replies":[{"embeddable":true,"href":"https:\/\/franciscanas.org\/portal\/lamerica\/wp-json\/wp\/v2\/comments?post=2692"}],"version-history":[{"count":3,"href":"https:\/\/franciscanas.org\/portal\/lamerica\/wp-json\/wp\/v2\/posts\/2692\/revisions"}],"predecessor-version":[{"id":2698,"href":"https:\/\/franciscanas.org\/portal\/lamerica\/wp-json\/wp\/v2\/posts\/2692\/revisions\/2698"}],"wp:featuredmedia":[{"embeddable":true,"href":"https:\/\/franciscanas.org\/portal\/lamerica\/wp-json\/wp\/v2\/media\/2695"}],"wp:attachment":[{"href":"https:\/\/franciscanas.org\/portal\/lamerica\/wp-json\/wp\/v2\/media?parent=2692"}],"wp:term":[{"taxonomy":"category","embeddable":true,"href":"https:\/\/franciscanas.org\/portal\/lamerica\/wp-json\/wp\/v2\/categories?post=2692"},{"taxonomy":"post_tag","embeddable":true,"href":"https:\/\/franciscanas.org\/portal\/lamerica\/wp-json\/wp\/v2\/tags?post=2692"}],"curies":[{"name":"wp","href":"https:\/\/api.w.org\/{rel}","templated":true}]}}